{"id":179375,"date":"2021-05-13T18:46:28","date_gmt":"2021-05-13T15:46:28","guid":{"rendered":"http:\/\/107.6.182.27\/es\/?p=179375"},"modified":"2021-05-13T18:46:28","modified_gmt":"2021-05-13T15:46:28","slug":"las-elecciones-presidenciales-son-un-derecho-y-un-deber-nacional-afirman-connacionales-en-moscu","status":"publish","type":"post","link":"https:\/\/archive.sana.sy\/es\/?p=179375","title":{"rendered":"Las elecciones presidenciales son un derecho y un deber nacional, afirman connacionales en Mosc\u00fa"},"content":{"rendered":"<p style=\"text-align: justify;\"><span style=\"color: #800000;\"><strong>Mosc\u00fa, SANA<\/strong><\/span><\/p>\n<p style=\"text-align: justify;\">Estudiantes sirios y miembros de la comunidad siria en Rusia renovaron su determinaci\u00f3n de participar en las elecciones presidenciales programadas para el pr\u00f3ximo 20 de mayo.<\/p>\n<p style=\"text-align: justify;\">Los estudiantes y residentes sirios, acudieron a la embajada siria en la capital, Mosc\u00fa, para confirmar que las elecciones presidenciales constituyen un derecho, un deber nacional y un homenaje a las almas de los m\u00e1rtires que sacrificaron sus vidas por el bien de Siria.<\/p>\n<p style=\"text-align: justify;\">En su discurso durante el encuentro, el embajador sirio en Rusia, Riad Haddad, se\u00f1al\u00f3 que la realizaci\u00f3n de las elecciones presidenciales es una expresi\u00f3n sincera de pertenencia a la patria y forma parte del enfrentamiento a los planes enemigos.<\/p>\n<p style=\"text-align: justify;\"><strong><span style=\"color: #0000ff;\">sm\/rsh<\/span><\/strong><\/p>\n","protected":false},"excerpt":{"rendered":"<p>Mosc\u00fa, SANA Estudiantes sirios y miembros de la comunidad siria en Rusia renovaron su determinaci\u00f3n de participar en las elecciones presidenciales programadas para el pr\u00f3ximo 20 de mayo. Los estudiantes y residentes sirios, acudieron a la embajada siria en la capital, Mosc\u00fa, para confirmar que las elecciones presidenciales constituyen un derecho, un deber nacional y &hellip;<\/p>\n","protected":false},"author":39,"featured_media":179376,"comment_status":"closed","ping_status":"closed","sticky":false,"template":"","format":"standard","meta":{"footnotes":""},"categories":[597,457,467,7541],"tags":[],"class_list":["post-179375","post","type-post","status-publish","format-standard","has-post-thumbnail","","category-cinta-de-noticias","category-noticias-arabe-internacional-politica","category-siria-y-el-mundo","category-ultimas-noticias"],"_links":{"self":[{"href":"https:\/\/archive.sana.sy\/es\/index.php?rest_route=\/wp\/v2\/posts\/179375"}],"collection":[{"href":"https:\/\/archive.sana.sy\/es\/index.php?rest_route=\/wp\/v2\/posts"}],"about":[{"href":"https:\/\/archive.sana.sy\/es\/index.php?rest_route=\/wp\/v2\/types\/post"}],"author":[{"embeddable":true,"href":"https:\/\/archive.sana.sy\/es\/index.php?rest_route=\/wp\/v2\/users\/39"}],"replies":[{"embeddable":true,"href":"https:\/\/archive.sana.sy\/es\/index.php?rest_route=%2Fwp%2Fv2%2Fcomments&post=179375"}],"version-history":[{"count":0,"href":"https:\/\/archive.sana.sy\/es\/index.php?rest_route=\/wp\/v2\/posts\/179375\/revisions"}],"wp:featuredmedia":[{"embeddable":true,"href":"https:\/\/archive.sana.sy\/es\/index.php?rest_route=\/wp\/v2\/media\/179376"}],"wp:attachment":[{"href":"https:\/\/archive.sana.sy\/es\/index.php?rest_route=%2Fwp%2Fv2%2Fmedia&parent=179375"}],"wp:term":[{"taxonomy":"category","embeddable":true,"href":"https:\/\/archive.sana.sy\/es\/index.php?rest_route=%2Fwp%2Fv2%2Fcategories&post=179375"},{"taxonomy":"post_tag","embeddable":true,"href":"https:\/\/archive.sana.sy\/es\/index.php?rest_route=%2Fwp%2Fv2%2Ftags&post=179375"}],"curies":[{"name":"wp","href":"https:\/\/api.w.org\/{rel}","templated":true}]}}