{"id":179380,"date":"2021-05-13T20:12:20","date_gmt":"2021-05-13T17:12:20","guid":{"rendered":"http:\/\/107.6.182.27\/es\/?p=179380"},"modified":"2021-05-13T20:12:20","modified_gmt":"2021-05-13T17:12:20","slug":"putin-y-guterres-preocupados-por-endurecimiento-de-las-sanciones-unilaterales-occidentales-a-siria","status":"publish","type":"post","link":"https:\/\/archive.sana.sy\/es\/?p=179380","title":{"rendered":"Putin y Guterres: preocupados por endurecimiento de las sanciones unilaterales occidentales a Siria"},"content":{"rendered":"<p style=\"text-align: justify;\"><span style=\"color: #800000;\"><strong>Mosc\u00fa, SANA<\/strong><\/span><\/p>\n<p style=\"text-align: justify;\">El presidente ruso, Vladimir Putin, y el secretario general de la ONU, Ant\u00f3nio Guterres, expresaron su preocupaci\u00f3n por el endurecimiento de las sanciones unilaterales occidentales impuestas a Siria y subrayaron la necesidad de avanzar en el apoyo al proceso pol\u00edtico para resolver la crisis.<\/p>\n<p style=\"text-align: justify;\">La presidencia rusa dijo en un comunicado que conversaciones por videoconferencia entre Putin y Guterres, quien visita Mosc\u00fa hoy, &#8220;giraron en torno a las condiciones humanitarias en Siria al tiempo que expresaron su preocupaci\u00f3n por el endurecimiento de las medidas punitivas unilaterales contra las autoridades leg\u00edtimas de la Rep\u00fablica \u00c1rabe Siria&#8221;.<\/p>\n<p style=\"text-align: justify;\">La declaraci\u00f3n se\u00f1al\u00f3 que Putin y Guterres acordaron activar esfuerzos coordinados entre Mosc\u00fa y las instituciones de la ONU en varias direcciones, incluyendo contribuir al regreso de refugiados sirios y desplazados a sus hogares y a la reconstrucci\u00f3n de la infraestructura econ\u00f3mica y social del pa\u00eds.<\/p>\n<p style=\"text-align: justify;\">Sobre los ataques israel\u00edes contra el pueblo palestino, las dos partes subrayaron que &#8220;la m\u00e1xima prioridad ahora radica en detener la violencia y garantizar la seguridad de los civiles&#8221;\u0632<\/p>\n<p style=\"text-align: justify;\">Ambas partes expresaron su apoyo al arreglo de conformidad con el principio de la &#8220;soluci\u00f3n de dos Estados y sobre la base de las resoluciones pertinentes del Consejo de Seguridad de la ONU y las normas jur\u00eddicas internacionales reconocidas internacionalmente&#8221;.<\/p>\n<p style=\"text-align: justify;\"><span style=\"color: #0000ff;\"><strong>ah\/rsh<\/strong><\/span><\/p>\n","protected":false},"excerpt":{"rendered":"<p>Mosc\u00fa, SANA El presidente ruso, Vladimir Putin, y el secretario general de la ONU, Ant\u00f3nio Guterres, expresaron su preocupaci\u00f3n por el endurecimiento de las sanciones unilaterales occidentales impuestas a Siria y subrayaron la necesidad de avanzar en el apoyo al proceso pol\u00edtico para resolver la crisis. La presidencia rusa dijo en un comunicado que conversaciones &hellip;<\/p>\n","protected":false},"author":30,"featured_media":179381,"comment_status":"closed","ping_status":"closed","sticky":false,"template":"","format":"standard","meta":{"footnotes":""},"categories":[597,467,7541],"tags":[19059],"class_list":["post-179380","post","type-post","status-publish","format-standard","has-post-thumbnail","","category-cinta-de-noticias","category-siria-y-el-mundo","category-ultimas-noticias","tag-putin-y-guterres-preocupados-por-endurecimiento-de-las-sanciones-unilaterales-occidentales-a-siria"],"_links":{"self":[{"href":"https:\/\/archive.sana.sy\/es\/index.php?rest_route=\/wp\/v2\/posts\/179380"}],"collection":[{"href":"https:\/\/archive.sana.sy\/es\/index.php?rest_route=\/wp\/v2\/posts"}],"about":[{"href":"https:\/\/archive.sana.sy\/es\/index.php?rest_route=\/wp\/v2\/types\/post"}],"author":[{"embeddable":true,"href":"https:\/\/archive.sana.sy\/es\/index.php?rest_route=\/wp\/v2\/users\/30"}],"replies":[{"embeddable":true,"href":"https:\/\/archive.sana.sy\/es\/index.php?rest_route=%2Fwp%2Fv2%2Fcomments&post=179380"}],"version-history":[{"count":0,"href":"https:\/\/archive.sana.sy\/es\/index.php?rest_route=\/wp\/v2\/posts\/179380\/revisions"}],"wp:featuredmedia":[{"embeddable":true,"href":"https:\/\/archive.sana.sy\/es\/index.php?rest_route=\/wp\/v2\/media\/179381"}],"wp:attachment":[{"href":"https:\/\/archive.sana.sy\/es\/index.php?rest_route=%2Fwp%2Fv2%2Fmedia&parent=179380"}],"wp:term":[{"taxonomy":"category","embeddable":true,"href":"https:\/\/archive.sana.sy\/es\/index.php?rest_route=%2Fwp%2Fv2%2Fcategories&post=179380"},{"taxonomy":"post_tag","embeddable":true,"href":"https:\/\/archive.sana.sy\/es\/index.php?rest_route=%2Fwp%2Fv2%2Ftags&post=179380"}],"curies":[{"name":"wp","href":"https:\/\/api.w.org\/{rel}","templated":true}]}}