{"id":179383,"date":"2021-05-13T20:22:33","date_gmt":"2021-05-13T17:22:33","guid":{"rendered":"http:\/\/107.6.182.27\/es\/?p=179383"},"modified":"2023-01-12T14:41:21","modified_gmt":"2023-01-12T12:41:21","slug":"asciende-a-88-personas-el-numero-de-martires-palestinos-en-la-franja-de-gaza","status":"publish","type":"post","link":"https:\/\/archive.sana.sy\/es\/?p=179383","title":{"rendered":"Asciende a 88 personas el n\u00famero de m\u00e1rtires palestinos en la Franja de Gaza"},"content":{"rendered":"<p style=\"text-align: justify;\"><span style=\"color: #800000;\">Jerusal\u00e9n ocupada, SANA<\/span><\/p>\n<p style=\"text-align: justify;\">\u201cLa Fuerza A\u00e9rea de la ocupaci\u00f3n israel\u00ed atac\u00f3 dos casas en el campo de refugiados de Al-Buraij, matando a tres palestinos e hiriendo a otros\u201d, seg\u00fan divulg\u00f3 la agencia palestina de noticias MA&#8217;AN.<\/p>\n<p style=\"text-align: justify;\">La agencia noticiosa Wafa inform\u00f3 que las cazas israel\u00edes atacaron la localidad de Beit Lahiya, dejando un joven muerto y ocho heridos.<\/p>\n<p style=\"text-align: justify;\">As\u00ed, el n\u00famero de v\u00edctimas de la agresi\u00f3n israel\u00ed en curso contra la Franja de Gaza aument\u00f3 a 88 personas, incluidos 17 ni\u00f1os, y m\u00e1s de 500 heridos, adem\u00e1s de graves da\u00f1os a la propiedad y la infraestructura en varias partes de la Franja de Gaza.<\/p>\n<p style=\"text-align: justify;\"><strong><span style=\"color: #0000ff;\">ah\/rsh<\/span><\/strong><\/p>\n","protected":false},"excerpt":{"rendered":"<p>Jerusal\u00e9n ocupada, SANA \u201cLa Fuerza A\u00e9rea de la ocupaci\u00f3n israel\u00ed atac\u00f3 dos casas en el campo de refugiados de Al-Buraij, matando a tres palestinos e hiriendo a otros\u201d, seg\u00fan divulg\u00f3 la agencia palestina de noticias MA&#8217;AN. La agencia noticiosa Wafa inform\u00f3 que las cazas israel\u00edes atacaron la localidad de Beit Lahiya, dejando un joven muerto &hellip;<\/p>\n","protected":false},"author":30,"featured_media":179384,"comment_status":"closed","ping_status":"closed","sticky":false,"template":"","format":"standard","meta":{"footnotes":""},"categories":[597,456],"tags":[19060],"class_list":["post-179383","post","type-post","status-publish","format-standard","has-post-thumbnail","","category-cinta-de-noticias","category-arabe-internacional-politica","tag-asciende-a-88-personas-el-numero-de-martires-palestinos-en-la-franja-de-gaza"],"_links":{"self":[{"href":"https:\/\/archive.sana.sy\/es\/index.php?rest_route=\/wp\/v2\/posts\/179383"}],"collection":[{"href":"https:\/\/archive.sana.sy\/es\/index.php?rest_route=\/wp\/v2\/posts"}],"about":[{"href":"https:\/\/archive.sana.sy\/es\/index.php?rest_route=\/wp\/v2\/types\/post"}],"author":[{"embeddable":true,"href":"https:\/\/archive.sana.sy\/es\/index.php?rest_route=\/wp\/v2\/users\/30"}],"replies":[{"embeddable":true,"href":"https:\/\/archive.sana.sy\/es\/index.php?rest_route=%2Fwp%2Fv2%2Fcomments&post=179383"}],"version-history":[{"count":0,"href":"https:\/\/archive.sana.sy\/es\/index.php?rest_route=\/wp\/v2\/posts\/179383\/revisions"}],"wp:featuredmedia":[{"embeddable":true,"href":"https:\/\/archive.sana.sy\/es\/index.php?rest_route=\/wp\/v2\/media\/179384"}],"wp:attachment":[{"href":"https:\/\/archive.sana.sy\/es\/index.php?rest_route=%2Fwp%2Fv2%2Fmedia&parent=179383"}],"wp:term":[{"taxonomy":"category","embeddable":true,"href":"https:\/\/archive.sana.sy\/es\/index.php?rest_route=%2Fwp%2Fv2%2Fcategories&post=179383"},{"taxonomy":"post_tag","embeddable":true,"href":"https:\/\/archive.sana.sy\/es\/index.php?rest_route=%2Fwp%2Fv2%2Ftags&post=179383"}],"curies":[{"name":"wp","href":"https:\/\/api.w.org\/{rel}","templated":true}]}}