{"id":179392,"date":"2021-05-14T09:28:41","date_gmt":"2021-05-14T06:28:41","guid":{"rendered":"http:\/\/107.6.182.27\/es\/?p=179392"},"modified":"2021-05-14T09:28:41","modified_gmt":"2021-05-14T06:28:41","slug":"principales-titulares-de-la-agencia-sana-14-de-mayo-de-2021","status":"publish","type":"post","link":"https:\/\/archive.sana.sy\/es\/?p=179392","title":{"rendered":"Principales titulares de la agencia SANA, 14 de mayo de 2021"},"content":{"rendered":"<p style=\"text-align: justify;\"><span style=\"color: #800000;\"><strong>Damasco, SANA<\/strong><\/span><\/p>\n<p style=\"text-align: justify;\">????????Presidente al-Assad asiste el rezo de Eid Al-Fitr en la Gran Mezquita Omeya (+ fotos)<\/p>\n<p style=\"text-align: justify;\">????????Las elecciones presidenciales son un derecho y un deber nacional, afirman connacionales en Mosc\u00fa<\/p>\n<p style=\"text-align: justify;\">????????Putin y Guterres: preocupados por endurecimiento de las sanciones unilaterales occidentales a Siria<\/p>\n<p style=\"text-align: justify;\">????????Siria reporta 52 nuevos casos, 298 recuperaciones y seis muertos del Covid-19<\/p>\n<p style=\"text-align: justify;\">????????Estados Unidos obstaculiza el retorno de refugiados sirios a su pa\u00eds, denuncian Damasco y Mosc\u00fa<\/p>\n<p style=\"text-align: justify;\">????????Asciende a 69 el saldo de m\u00e1rtires por agresi\u00f3n israel\u00ed contra Gaza<\/p>\n<p style=\"text-align: justify;\">????????Washington ingresa 55 veh\u00edculos con material log\u00edstica a Hasakeh, Siria<\/p>\n<p style=\"text-align: justify;\">????????Senadores estadounidenses exigen fin de los cr\u00edmenes de ocupaci\u00f3n israel\u00ed contra el pueblo palestino<\/p>\n<p style=\"text-align: justify;\">????????Parlamento de Siria condena brutales pr\u00e1cticas sionistas contra los palestinos<\/p>\n<p style=\"text-align: justify;\">????????Milicianos de las FDS heridos en un ataque de las facciones populares al este de Raqa<\/p>\n<p style=\"text-align: justify;\">????????Berdnikov: las pr\u00e1cticas de saqueo de Washington en Siria son colonialistas<\/p>\n<p style=\"text-align: justify;\">????????Ocupaci\u00f3n israel\u00ed arresta a cientos de palestinos en Jerusal\u00e9n y los territorios ocupados en 1948<\/p>\n<p style=\"text-align: justify;\">????????Washington impide reuni\u00f3n del Consejo de Seguridad para discutir la agresi\u00f3n israel\u00ed contra Gaza<\/p>\n<p style=\"text-align: justify;\">\n","protected":false},"excerpt":{"rendered":"<p>Damasco, SANA ????????Presidente al-Assad asiste el rezo de Eid Al-Fitr en la Gran Mezquita Omeya (+ fotos) ????????Las elecciones presidenciales son un derecho y un deber nacional, afirman connacionales en Mosc\u00fa ????????Putin y Guterres: preocupados por endurecimiento de las sanciones unilaterales occidentales a Siria ????????Siria reporta 52 nuevos casos, 298 recuperaciones y seis muertos del &hellip;<\/p>\n","protected":false},"author":30,"featured_media":178078,"comment_status":"closed","ping_status":"closed","sticky":false,"template":"","format":"standard","meta":{"footnotes":""},"categories":[555,597],"tags":[],"class_list":["post-179392","post","type-post","status-publish","format-standard","has-post-thumbnail","","category-prensa","category-cinta-de-noticias"],"_links":{"self":[{"href":"https:\/\/archive.sana.sy\/es\/index.php?rest_route=\/wp\/v2\/posts\/179392"}],"collection":[{"href":"https:\/\/archive.sana.sy\/es\/index.php?rest_route=\/wp\/v2\/posts"}],"about":[{"href":"https:\/\/archive.sana.sy\/es\/index.php?rest_route=\/wp\/v2\/types\/post"}],"author":[{"embeddable":true,"href":"https:\/\/archive.sana.sy\/es\/index.php?rest_route=\/wp\/v2\/users\/30"}],"replies":[{"embeddable":true,"href":"https:\/\/archive.sana.sy\/es\/index.php?rest_route=%2Fwp%2Fv2%2Fcomments&post=179392"}],"version-history":[{"count":0,"href":"https:\/\/archive.sana.sy\/es\/index.php?rest_route=\/wp\/v2\/posts\/179392\/revisions"}],"wp:featuredmedia":[{"embeddable":true,"href":"https:\/\/archive.sana.sy\/es\/index.php?rest_route=\/wp\/v2\/media\/178078"}],"wp:attachment":[{"href":"https:\/\/archive.sana.sy\/es\/index.php?rest_route=%2Fwp%2Fv2%2Fmedia&parent=179392"}],"wp:term":[{"taxonomy":"category","embeddable":true,"href":"https:\/\/archive.sana.sy\/es\/index.php?rest_route=%2Fwp%2Fv2%2Fcategories&post=179392"},{"taxonomy":"post_tag","embeddable":true,"href":"https:\/\/archive.sana.sy\/es\/index.php?rest_route=%2Fwp%2Fv2%2Ftags&post=179392"}],"curies":[{"name":"wp","href":"https:\/\/api.w.org\/{rel}","templated":true}]}}