{"id":179397,"date":"2021-05-14T09:39:20","date_gmt":"2021-05-14T06:39:20","guid":{"rendered":"http:\/\/107.6.182.27\/es\/?p=179397"},"modified":"2023-01-12T14:41:21","modified_gmt":"2023-01-12T12:41:21","slug":"113-martires-entre-ellos-28-ninos-por-la-criminal-agresion-israeli-contra-la-franja-de-gaza","status":"publish","type":"post","link":"https:\/\/archive.sana.sy\/es\/?p=179397","title":{"rendered":"121 m\u00e1rtires, entre ellos 31 ni\u00f1os, por la criminal agresi\u00f3n israel\u00ed contra la Franja de Gaza (+ fotos)"},"content":{"rendered":"<p style=\"text-align: justify;\"><span style=\"color: #800000;\"><strong>Jerusal\u00e9n ocupada, SANA<\/strong><\/span><\/p>\n<p style=\"text-align: justify;\">121 palestinos, entre ellos 31 ni\u00f1os, murieron y otros resultaron heridos por la agresi\u00f3n israel\u00ed que contin\u00faa por quinto d\u00eda consecutivo contra varias zonas de la sitiada Franja de Gaza.<\/p>\n<p style=\"text-align: justify;\">\u201cEste viernes, los cazas del ocupante bombardearon con cohetes la zona de al-Attatra, al noroeste de Beit Lahiya, matando a cuatro palestinos e hiriendo a otros\u201d, divulg\u00f3 la agencia palestina WAFA.<\/p>\n<p style=\"text-align: justify;\">En la v\u00edspera, aviones de guerra israel\u00edes bombardearon la ciudad de Rafah, el barrio de Shujaaiya y las ciudades septentrionales de Beit Hanoun y Beit Lahiya, matando a 17 palestinos, entre ellos cinco ni\u00f1os.<\/p>\n<p style=\"text-align: justify;\">El n\u00famero de v\u00edctimas de la agresi\u00f3n israel\u00ed contra la Franja de Gaza se ha elevado a 121 m\u00e1rtires, incluidos 31 ni\u00f1os y m\u00e1s de 800 heridos, adem\u00e1s de graves da\u00f1os materiales en propiedades e infraestructuras en diversas zonas de la Franja.<\/p>\n<div id='gallery-1' class='gallery galleryid-179397 gallery-columns-1 gallery-size-full'><figure class='gallery-item'>\n\t\t\t<div class='gallery-icon portrait'>\n\t\t\t\t<a href='https:\/\/archive.sana.sy\/es\/?attachment_id=179440'><img loading=\"lazy\" decoding=\"async\" width=\"660\" height=\"1168\" src=\"https:\/\/archive.sana.sy\/es\/wp-content\/uploads\/2021\/05\/1-9.jpg\" class=\"attachment-full size-full\" alt=\"\" srcset=\"https:\/\/archive.sana.sy\/es\/wp-content\/uploads\/2021\/05\/1-9.jpg 660w, https:\/\/archive.sana.sy\/es\/wp-content\/uploads\/2021\/05\/1-9-170x300.jpg 170w, https:\/\/archive.sana.sy\/es\/wp-content\/uploads\/2021\/05\/1-9-579x1024.jpg 579w, https:\/\/archive.sana.sy\/es\/wp-content\/uploads\/2021\/05\/1-9-85x150.jpg 85w\" sizes=\"(max-width: 660px) 100vw, 660px\" \/><\/a>\n\t\t\t<\/div><\/figure><figure class='gallery-item'>\n\t\t\t<div class='gallery-icon landscape'>\n\t\t\t\t<a href='https:\/\/archive.sana.sy\/es\/?attachment_id=179441'><img loading=\"lazy\" decoding=\"async\" width=\"660\" height=\"495\" src=\"https:\/\/archive.sana.sy\/es\/wp-content\/uploads\/2021\/05\/2-9.jpg\" class=\"attachment-full size-full\" alt=\"\" srcset=\"https:\/\/archive.sana.sy\/es\/wp-content\/uploads\/2021\/05\/2-9.jpg 660w, https:\/\/archive.sana.sy\/es\/wp-content\/uploads\/2021\/05\/2-9-300x225.jpg 300w, https:\/\/archive.sana.sy\/es\/wp-content\/uploads\/2021\/05\/2-9-150x113.jpg 150w\" sizes=\"(max-width: 660px) 100vw, 660px\" \/><\/a>\n\t\t\t<\/div><\/figure><figure class='gallery-item'>\n\t\t\t<div class='gallery-icon portrait'>\n\t\t\t\t<a href='https:\/\/archive.sana.sy\/es\/?attachment_id=179442'><img loading=\"lazy\" decoding=\"async\" width=\"660\" height=\"880\" src=\"https:\/\/archive.sana.sy\/es\/wp-content\/uploads\/2021\/05\/3-9.jpg\" class=\"attachment-full size-full\" alt=\"\" srcset=\"https:\/\/archive.sana.sy\/es\/wp-content\/uploads\/2021\/05\/3-9.jpg 660w, https:\/\/archive.sana.sy\/es\/wp-content\/uploads\/2021\/05\/3-9-225x300.jpg 225w, https:\/\/archive.sana.sy\/es\/wp-content\/uploads\/2021\/05\/3-9-113x150.jpg 113w\" sizes=\"(max-width: 660px) 100vw, 660px\" \/><\/a>\n\t\t\t<\/div><\/figure><figure class='gallery-item'>\n\t\t\t<div class='gallery-icon landscape'>\n\t\t\t\t<a href='https:\/\/archive.sana.sy\/es\/?attachment_id=179451'><img loading=\"lazy\" decoding=\"async\" width=\"660\" height=\"330\" src=\"https:\/\/archive.sana.sy\/es\/wp-content\/uploads\/2021\/05\/77777-660x330-2-1.jpg\" class=\"attachment-full size-full\" alt=\"\" srcset=\"https:\/\/archive.sana.sy\/es\/wp-content\/uploads\/2021\/05\/77777-660x330-2-1.jpg 660w, https:\/\/archive.sana.sy\/es\/wp-content\/uploads\/2021\/05\/77777-660x330-2-1-300x150.jpg 300w, https:\/\/archive.sana.sy\/es\/wp-content\/uploads\/2021\/05\/77777-660x330-2-1-150x75.jpg 150w\" sizes=\"(max-width: 660px) 100vw, 660px\" \/><\/a>\n\t\t\t<\/div><\/figure><figure class='gallery-item'>\n\t\t\t<div class='gallery-icon landscape'>\n\t\t\t\t<a href='https:\/\/archive.sana.sy\/es\/?attachment_id=179467'><img loading=\"lazy\" decoding=\"async\" width=\"660\" height=\"330\" src=\"https:\/\/archive.sana.sy\/es\/wp-content\/uploads\/2021\/05\/514-1.jpg\" class=\"attachment-full size-full\" alt=\"\" srcset=\"https:\/\/archive.sana.sy\/es\/wp-content\/uploads\/2021\/05\/514-1.jpg 660w, https:\/\/archive.sana.sy\/es\/wp-content\/uploads\/2021\/05\/514-1-300x150.jpg 300w, https:\/\/archive.sana.sy\/es\/wp-content\/uploads\/2021\/05\/514-1-150x75.jpg 150w\" sizes=\"(max-width: 660px) 100vw, 660px\" \/><\/a>\n\t\t\t<\/div><\/figure>\n\t\t<\/div>\n\n<p style=\"text-align: justify;\"><em><span style=\"color: #0000ff;\"><strong>ah\/fm\/ mm<\/strong><\/span><\/em><\/p>\n","protected":false},"excerpt":{"rendered":"<p>Jerusal\u00e9n ocupada, SANA 121 palestinos, entre ellos 31 ni\u00f1os, murieron y otros resultaron heridos por la agresi\u00f3n israel\u00ed que contin\u00faa por quinto d\u00eda consecutivo contra varias zonas de la sitiada Franja de Gaza. \u201cEste viernes, los cazas del ocupante bombardearon con cohetes la zona de al-Attatra, al noroeste de Beit Lahiya, matando a cuatro palestinos &hellip;<\/p>\n","protected":false},"author":30,"featured_media":179468,"comment_status":"closed","ping_status":"closed","sticky":false,"template":"","format":"standard","meta":{"footnotes":""},"categories":[597,456,7541],"tags":[19065],"class_list":["post-179397","post","type-post","status-publish","format-standard","has-post-thumbnail","","category-cinta-de-noticias","category-arabe-internacional-politica","category-ultimas-noticias","tag-113-martires-entre-ellos-28-ninos-por-la-criminal-agresion-israeli-contra-la-franja-de-gaza"],"_links":{"self":[{"href":"https:\/\/archive.sana.sy\/es\/index.php?rest_route=\/wp\/v2\/posts\/179397"}],"collection":[{"href":"https:\/\/archive.sana.sy\/es\/index.php?rest_route=\/wp\/v2\/posts"}],"about":[{"href":"https:\/\/archive.sana.sy\/es\/index.php?rest_route=\/wp\/v2\/types\/post"}],"author":[{"embeddable":true,"href":"https:\/\/archive.sana.sy\/es\/index.php?rest_route=\/wp\/v2\/users\/30"}],"replies":[{"embeddable":true,"href":"https:\/\/archive.sana.sy\/es\/index.php?rest_route=%2Fwp%2Fv2%2Fcomments&post=179397"}],"version-history":[{"count":0,"href":"https:\/\/archive.sana.sy\/es\/index.php?rest_route=\/wp\/v2\/posts\/179397\/revisions"}],"wp:featuredmedia":[{"embeddable":true,"href":"https:\/\/archive.sana.sy\/es\/index.php?rest_route=\/wp\/v2\/media\/179468"}],"wp:attachment":[{"href":"https:\/\/archive.sana.sy\/es\/index.php?rest_route=%2Fwp%2Fv2%2Fmedia&parent=179397"}],"wp:term":[{"taxonomy":"category","embeddable":true,"href":"https:\/\/archive.sana.sy\/es\/index.php?rest_route=%2Fwp%2Fv2%2Fcategories&post=179397"},{"taxonomy":"post_tag","embeddable":true,"href":"https:\/\/archive.sana.sy\/es\/index.php?rest_route=%2Fwp%2Fv2%2Ftags&post=179397"}],"curies":[{"name":"wp","href":"https:\/\/api.w.org\/{rel}","templated":true}]}}