{"id":179405,"date":"2021-05-14T11:55:30","date_gmt":"2021-05-14T08:55:30","guid":{"rendered":"http:\/\/107.6.182.27\/es\/?p=179405"},"modified":"2021-05-14T11:55:30","modified_gmt":"2021-05-14T08:55:30","slug":"ocupacion-israeli-ataca-instalaciones-de-la-unrwa-en-gaza","status":"publish","type":"post","link":"https:\/\/archive.sana.sy\/es\/?p=179405","title":{"rendered":"Ocupaci\u00f3n israel\u00ed ataca instalaciones de la UNRWA en Gaza"},"content":{"rendered":"<p style=\"text-align: justify;\"><span style=\"color: #800000;\"><strong>Viena, SANA<\/strong><\/span><\/p>\n<p style=\"text-align: justify;\">La Agencia de las Naciones Unidas para los Refugiados Palestinos (UNRWA) anunci\u00f3 que dos de sus escuelas en la Franja de Gaza han sido atacadas por el agresor israel\u00ed.<\/p>\n<p style=\"text-align: justify;\">Seg\u00fan una declaraci\u00f3n del Organismo, los ataques a\u00e9reos lanzados por &#8220;Israel&#8221; contra Gaza causaron graves da\u00f1os en las escuelas y en el muro que rodeaba las oficinas.<\/p>\n<p style=\"text-align: justify;\">Agreg\u00f3 que, seg\u00fan la Ley Internacional, los edificios de la UNRWA gozan de inmunidad y su inviolabilidad no est\u00e1 permitida, y se\u00f1al\u00f3 que todas las instalaciones de la Entidad se pueden distinguir claramente por llevar la bandera de las Naciones Unidas.<\/p>\n<p style=\"text-align: justify;\"><strong><span style=\"color: #0000ff;\">sm\/fm<\/span><\/strong><\/p>\n","protected":false},"excerpt":{"rendered":"<p>Viena, SANA La Agencia de las Naciones Unidas para los Refugiados Palestinos (UNRWA) anunci\u00f3 que dos de sus escuelas en la Franja de Gaza han sido atacadas por el agresor israel\u00ed. Seg\u00fan una declaraci\u00f3n del Organismo, los ataques a\u00e9reos lanzados por &#8220;Israel&#8221; contra Gaza causaron graves da\u00f1os en las escuelas y en el muro que &hellip;<\/p>\n","protected":false},"author":39,"featured_media":179406,"comment_status":"closed","ping_status":"closed","sticky":false,"template":"","format":"standard","meta":{"footnotes":""},"categories":[597,456,7541],"tags":[],"class_list":["post-179405","post","type-post","status-publish","format-standard","has-post-thumbnail","","category-cinta-de-noticias","category-arabe-internacional-politica","category-ultimas-noticias"],"_links":{"self":[{"href":"https:\/\/archive.sana.sy\/es\/index.php?rest_route=\/wp\/v2\/posts\/179405"}],"collection":[{"href":"https:\/\/archive.sana.sy\/es\/index.php?rest_route=\/wp\/v2\/posts"}],"about":[{"href":"https:\/\/archive.sana.sy\/es\/index.php?rest_route=\/wp\/v2\/types\/post"}],"author":[{"embeddable":true,"href":"https:\/\/archive.sana.sy\/es\/index.php?rest_route=\/wp\/v2\/users\/39"}],"replies":[{"embeddable":true,"href":"https:\/\/archive.sana.sy\/es\/index.php?rest_route=%2Fwp%2Fv2%2Fcomments&post=179405"}],"version-history":[{"count":0,"href":"https:\/\/archive.sana.sy\/es\/index.php?rest_route=\/wp\/v2\/posts\/179405\/revisions"}],"wp:featuredmedia":[{"embeddable":true,"href":"https:\/\/archive.sana.sy\/es\/index.php?rest_route=\/wp\/v2\/media\/179406"}],"wp:attachment":[{"href":"https:\/\/archive.sana.sy\/es\/index.php?rest_route=%2Fwp%2Fv2%2Fmedia&parent=179405"}],"wp:term":[{"taxonomy":"category","embeddable":true,"href":"https:\/\/archive.sana.sy\/es\/index.php?rest_route=%2Fwp%2Fv2%2Fcategories&post=179405"},{"taxonomy":"post_tag","embeddable":true,"href":"https:\/\/archive.sana.sy\/es\/index.php?rest_route=%2Fwp%2Fv2%2Ftags&post=179405"}],"curies":[{"name":"wp","href":"https:\/\/api.w.org\/{rel}","templated":true}]}}