{"id":179408,"date":"2021-05-14T11:58:20","date_gmt":"2021-05-14T08:58:20","guid":{"rendered":"http:\/\/107.6.182.27\/es\/?p=179408"},"modified":"2023-01-12T14:41:20","modified_gmt":"2023-01-12T12:41:20","slug":"iran-condena-continua-agresion-de-israel-contra-el-pueblo-palestino","status":"publish","type":"post","link":"https:\/\/archive.sana.sy\/es\/?p=179408","title":{"rendered":"Ir\u00e1n condena continua agresi\u00f3n de Israel contra el pueblo palestino"},"content":{"rendered":"<p style=\"text-align: justify;\"><span style=\"color: #800000;\"><strong>Teher\u00e1n, SANA<\/strong><\/span><\/p>\n<p style=\"text-align: justify;\">Ir\u00e1n conden\u00f3 en\u00e9rgicamente la continua agresi\u00f3n de Israel contra el pueblo palestino e inst\u00f3 a los gobiernos y organizaciones internacionales a cumplir con su deber de poner fin a la ocupaci\u00f3n y sus cr\u00edmenes y ataques.<\/p>\n<p style=\"text-align: justify;\">&#8220;La entidad usurpadora profana sitios religiosos en Jerusal\u00e9n y mata a los palestinos&#8221;, dijo la Canciller\u00eda iran\u00ed en un comunicado.<\/p>\n<p style=\"text-align: justify;\">Destac\u00f3 el gran rol de la resistencia palestina al ocupante israel\u00ed.<\/p>\n<p style=\"text-align: justify;\">El ente iran\u00ed dijo en su comunicado que en las \u00faltimas d\u00e9cadas las autoridades de ocupaci\u00f3n cometieron cr\u00edmenes organizados y pr\u00e1cticas brutales contra el pueblo palestino y los pa\u00edses de la regi\u00f3n debido al apoyo occidental ilimitado.<\/p>\n<p style=\"text-align: justify;\">Explic\u00f3 que la entidad usurpada ocup\u00f3 toda Palestina por la fuerza de las armas en contra de las leyes y est\u00e1ndares internacionales, cambi\u00f3 su composici\u00f3n demogr\u00e1fica y desplaz\u00f3 a su poblaci\u00f3n ind\u00edgena.<\/p>\n<p style=\"text-align: justify;\">Ratific\u00f3 que Palestina era una prioridad del mundo musulm\u00e1n y exigi\u00f3 a todos los Estados y pueblos musulmanes defender los derechos leg\u00edtimos del pueblo palestino, en particular el derecho de establecimiento de un Estado independiente en todo el territorio palestino.<\/p>\n<p style=\"text-align: justify;\"><span style=\"color: #0000ff;\"><strong>ah\/fm<\/strong><\/span><\/p>\n","protected":false},"excerpt":{"rendered":"<p>Teher\u00e1n, SANA Ir\u00e1n conden\u00f3 en\u00e9rgicamente la continua agresi\u00f3n de Israel contra el pueblo palestino e inst\u00f3 a los gobiernos y organizaciones internacionales a cumplir con su deber de poner fin a la ocupaci\u00f3n y sus cr\u00edmenes y ataques. &#8220;La entidad usurpadora profana sitios religiosos en Jerusal\u00e9n y mata a los palestinos&#8221;, dijo la Canciller\u00eda iran\u00ed &hellip;<\/p>\n","protected":false},"author":30,"featured_media":179409,"comment_status":"closed","ping_status":"closed","sticky":false,"template":"","format":"standard","meta":{"footnotes":""},"categories":[597,456,7541],"tags":[19066],"class_list":["post-179408","post","type-post","status-publish","format-standard","has-post-thumbnail","","category-cinta-de-noticias","category-arabe-internacional-politica","category-ultimas-noticias","tag-iran-condena-continua-agresion-de-israel-contra-el-pueblo-palestino"],"_links":{"self":[{"href":"https:\/\/archive.sana.sy\/es\/index.php?rest_route=\/wp\/v2\/posts\/179408"}],"collection":[{"href":"https:\/\/archive.sana.sy\/es\/index.php?rest_route=\/wp\/v2\/posts"}],"about":[{"href":"https:\/\/archive.sana.sy\/es\/index.php?rest_route=\/wp\/v2\/types\/post"}],"author":[{"embeddable":true,"href":"https:\/\/archive.sana.sy\/es\/index.php?rest_route=\/wp\/v2\/users\/30"}],"replies":[{"embeddable":true,"href":"https:\/\/archive.sana.sy\/es\/index.php?rest_route=%2Fwp%2Fv2%2Fcomments&post=179408"}],"version-history":[{"count":0,"href":"https:\/\/archive.sana.sy\/es\/index.php?rest_route=\/wp\/v2\/posts\/179408\/revisions"}],"wp:featuredmedia":[{"embeddable":true,"href":"https:\/\/archive.sana.sy\/es\/index.php?rest_route=\/wp\/v2\/media\/179409"}],"wp:attachment":[{"href":"https:\/\/archive.sana.sy\/es\/index.php?rest_route=%2Fwp%2Fv2%2Fmedia&parent=179408"}],"wp:term":[{"taxonomy":"category","embeddable":true,"href":"https:\/\/archive.sana.sy\/es\/index.php?rest_route=%2Fwp%2Fv2%2Fcategories&post=179408"},{"taxonomy":"post_tag","embeddable":true,"href":"https:\/\/archive.sana.sy\/es\/index.php?rest_route=%2Fwp%2Fv2%2Ftags&post=179408"}],"curies":[{"name":"wp","href":"https:\/\/api.w.org\/{rel}","templated":true}]}}