{"id":179429,"date":"2021-05-14T14:39:06","date_gmt":"2021-05-14T11:39:06","guid":{"rendered":"http:\/\/107.6.182.27\/es\/?p=179429"},"modified":"2021-05-14T14:39:22","modified_gmt":"2021-05-14T11:39:22","slug":"reportan-sismo-de-3-6-grados-cerca-de-alepo","status":"publish","type":"post","link":"https:\/\/archive.sana.sy\/es\/?p=179429","title":{"rendered":"Reportan sismo de 3.5 grados cerca de Alepo"},"content":{"rendered":"<p><span style=\"color: #800000;\">Damasco, SANA<\/span><\/p>\n<p style=\"text-align: justify;\">El Centro Nacional de Sismolog\u00eda inform\u00f3 hoy que las plantas de monitoreo registraron un temblor de 3.5 grados en la escala de Richter en la gobernaci\u00f3n de Alepo.<\/p>\n<p style=\"text-align: justify;\">Ubicaron al fen\u00f3meno a 8 kil\u00f3metros de profundidad y a 100 km de la urbe, seg\u00fan detalla el Centro.<\/p>\n<p style=\"text-align: justify;\">El pasado mes, el Centro Nacional de Sismolog\u00eda registr\u00f3 un temblor de 3.6 grados en la escala de Richter al este de la capital Damasco.<\/p>\n<p><em>mm<\/em><\/p>\n","protected":false},"excerpt":{"rendered":"<p>Damasco, SANA El Centro Nacional de Sismolog\u00eda inform\u00f3 hoy que las plantas de monitoreo registraron un temblor de 3.5 grados en la escala de Richter en la gobernaci\u00f3n de Alepo. Ubicaron al fen\u00f3meno a 8 kil\u00f3metros de profundidad y a 100 km de la urbe, seg\u00fan detalla el Centro. El pasado mes, el Centro Nacional &hellip;<\/p>\n","protected":false},"author":36,"featured_media":179430,"comment_status":"closed","ping_status":"closed","sticky":false,"template":"","format":"standard","meta":{"footnotes":""},"categories":[597,476,7541],"tags":[],"class_list":["post-179429","post","type-post","status-publish","format-standard","has-post-thumbnail","","category-cinta-de-noticias","category-locales","category-ultimas-noticias"],"_links":{"self":[{"href":"https:\/\/archive.sana.sy\/es\/index.php?rest_route=\/wp\/v2\/posts\/179429"}],"collection":[{"href":"https:\/\/archive.sana.sy\/es\/index.php?rest_route=\/wp\/v2\/posts"}],"about":[{"href":"https:\/\/archive.sana.sy\/es\/index.php?rest_route=\/wp\/v2\/types\/post"}],"author":[{"embeddable":true,"href":"https:\/\/archive.sana.sy\/es\/index.php?rest_route=\/wp\/v2\/users\/36"}],"replies":[{"embeddable":true,"href":"https:\/\/archive.sana.sy\/es\/index.php?rest_route=%2Fwp%2Fv2%2Fcomments&post=179429"}],"version-history":[{"count":0,"href":"https:\/\/archive.sana.sy\/es\/index.php?rest_route=\/wp\/v2\/posts\/179429\/revisions"}],"wp:featuredmedia":[{"embeddable":true,"href":"https:\/\/archive.sana.sy\/es\/index.php?rest_route=\/wp\/v2\/media\/179430"}],"wp:attachment":[{"href":"https:\/\/archive.sana.sy\/es\/index.php?rest_route=%2Fwp%2Fv2%2Fmedia&parent=179429"}],"wp:term":[{"taxonomy":"category","embeddable":true,"href":"https:\/\/archive.sana.sy\/es\/index.php?rest_route=%2Fwp%2Fv2%2Fcategories&post=179429"},{"taxonomy":"post_tag","embeddable":true,"href":"https:\/\/archive.sana.sy\/es\/index.php?rest_route=%2Fwp%2Fv2%2Ftags&post=179429"}],"curies":[{"name":"wp","href":"https:\/\/api.w.org\/{rel}","templated":true}]}}