{"id":179435,"date":"2021-05-14T15:09:24","date_gmt":"2021-05-14T12:09:24","guid":{"rendered":"http:\/\/107.6.182.27\/es\/?p=179435"},"modified":"2023-01-12T14:41:20","modified_gmt":"2023-01-12T12:41:20","slug":"miles-de-jordanos-se-manifiestan-cerca-de-las-fronteras-con-palestina-contra-la-agresion-israeli","status":"publish","type":"post","link":"https:\/\/archive.sana.sy\/es\/?p=179435","title":{"rendered":"Miles de jordanos se manifiestan cerca de las fronteras con Palestina contra la agresi\u00f3n israel\u00ed"},"content":{"rendered":"<p><span style=\"color: #800000;\">Amman, SANAA<\/span><\/p>\n<p style=\"text-align: justify;\">Miles de jordanos se manifestaron hoy cerca de las fronteras con la Palestina ocupada para condenar la continua agresi\u00f3n israel\u00ed contra el pueblo palestino.<\/p>\n<p style=\"text-align: justify;\">La agencia de noticias jordana inform\u00f3 que los participantes acudieron desde la ma\u00f1ana a las fronteras con la Palestina ocupada, portando banderas palestinas y pancartas condenando la continua agresi\u00f3n israel\u00ed en la sitiada Franja de Gaza y la Jerusal\u00e9n ocupada.<\/p>\n<p style=\"text-align: justify;\">Los manifestantes realizaron las oraciones del viernes en la zona fronteriza de Al Karama, en solidaridad con el pueblo palestino.<\/p>\n<p style=\"text-align: justify;\">Anteriormente, las inmediaciones de la embajada de la entidad sionista en la capital, Amman, fue testigo de protestas masivas en las que se ped\u00eda al gobierno jordano que expulsara al embajador israel\u00ed del Reino.<\/p>\n<p style=\"text-align: justify;\">Durante los \u00faltimos d\u00edas, la mayor\u00eda de las ciudades jordanas presenciaron protestas y actos de solidaridad con el pueblo palestino.<\/p>\n<p style=\"text-align: justify;\"><em>mm<\/em><\/p>\n","protected":false},"excerpt":{"rendered":"<p>Amman, SANAA Miles de jordanos se manifestaron hoy cerca de las fronteras con la Palestina ocupada para condenar la continua agresi\u00f3n israel\u00ed contra el pueblo palestino. La agencia de noticias jordana inform\u00f3 que los participantes acudieron desde la ma\u00f1ana a las fronteras con la Palestina ocupada, portando banderas palestinas y pancartas condenando la continua agresi\u00f3n &hellip;<\/p>\n","protected":false},"author":36,"featured_media":179436,"comment_status":"closed","ping_status":"closed","sticky":false,"template":"","format":"standard","meta":{"footnotes":""},"categories":[597,456,457],"tags":[],"class_list":["post-179435","post","type-post","status-publish","format-standard","has-post-thumbnail","","category-cinta-de-noticias","category-arabe-internacional-politica","category-noticias-arabe-internacional-politica"],"_links":{"self":[{"href":"https:\/\/archive.sana.sy\/es\/index.php?rest_route=\/wp\/v2\/posts\/179435"}],"collection":[{"href":"https:\/\/archive.sana.sy\/es\/index.php?rest_route=\/wp\/v2\/posts"}],"about":[{"href":"https:\/\/archive.sana.sy\/es\/index.php?rest_route=\/wp\/v2\/types\/post"}],"author":[{"embeddable":true,"href":"https:\/\/archive.sana.sy\/es\/index.php?rest_route=\/wp\/v2\/users\/36"}],"replies":[{"embeddable":true,"href":"https:\/\/archive.sana.sy\/es\/index.php?rest_route=%2Fwp%2Fv2%2Fcomments&post=179435"}],"version-history":[{"count":0,"href":"https:\/\/archive.sana.sy\/es\/index.php?rest_route=\/wp\/v2\/posts\/179435\/revisions"}],"wp:featuredmedia":[{"embeddable":true,"href":"https:\/\/archive.sana.sy\/es\/index.php?rest_route=\/wp\/v2\/media\/179436"}],"wp:attachment":[{"href":"https:\/\/archive.sana.sy\/es\/index.php?rest_route=%2Fwp%2Fv2%2Fmedia&parent=179435"}],"wp:term":[{"taxonomy":"category","embeddable":true,"href":"https:\/\/archive.sana.sy\/es\/index.php?rest_route=%2Fwp%2Fv2%2Fcategories&post=179435"},{"taxonomy":"post_tag","embeddable":true,"href":"https:\/\/archive.sana.sy\/es\/index.php?rest_route=%2Fwp%2Fv2%2Ftags&post=179435"}],"curies":[{"name":"wp","href":"https:\/\/api.w.org\/{rel}","templated":true}]}}