{"id":179445,"date":"2021-05-14T15:26:51","date_gmt":"2021-05-14T12:26:51","guid":{"rendered":"http:\/\/107.6.182.27\/es\/?p=179445"},"modified":"2023-01-12T14:41:20","modified_gmt":"2023-01-12T12:41:20","slug":"ocupante-israeli-bombardea-intensamente-costa-de-gaza-y-khan-yunis","status":"publish","type":"post","link":"https:\/\/archive.sana.sy\/es\/?p=179445","title":{"rendered":"Ocupante israel\u00ed bombardea intensamente costa de Gaza y Khan Yunis"},"content":{"rendered":"<p><span style=\"color: #800000;\">Jerusal\u00e9n ocupada, SANA<\/span><\/p>\n<p style=\"text-align: justify;\">Las fuerzas del r\u00e9gimen de ocupaci\u00f3n israel\u00edes bombardearon este viernes la costa norte de la sitiada Franja de Gaza y diferentes \u00e1reas en Khan Yunis, seg\u00fan reportaron medios de prensa palestinos.<\/p>\n<p style=\"text-align: justify;\">\u201cLa marina de la ocupaci\u00f3n israel\u00ed lanz\u00f3 intensamente proyectiles contra la costa norte de la Franja, mientras que su artiller\u00eda bombarde\u00f3 diferentes \u00e1reas en Khan Yunis en el sur, lo que provoc\u00f3 da\u00f1os en viviendas y propiedades palestinas\u201d, detallaron las fuentes.<\/p>\n<p style=\"text-align: justify;\">La cifra de v\u00edctimas de la agresi\u00f3n israel\u00ed contra la Franja de Gaza se ha elevado a 119 m\u00e1rtires, incluidos 31 ni\u00f1os y m\u00e1s de 800 heridos, adem\u00e1s de graves da\u00f1os materiales en propiedades e infraestructuras en diversas zonas de la Franja.<\/p>\n<p><em>mm<\/em><\/p>\n","protected":false},"excerpt":{"rendered":"<p>Jerusal\u00e9n ocupada, SANA Las fuerzas del r\u00e9gimen de ocupaci\u00f3n israel\u00edes bombardearon este viernes la costa norte de la sitiada Franja de Gaza y diferentes \u00e1reas en Khan Yunis, seg\u00fan reportaron medios de prensa palestinos. \u201cLa marina de la ocupaci\u00f3n israel\u00ed lanz\u00f3 intensamente proyectiles contra la costa norte de la Franja, mientras que su artiller\u00eda bombarde\u00f3 &hellip;<\/p>\n","protected":false},"author":36,"featured_media":179446,"comment_status":"closed","ping_status":"closed","sticky":false,"template":"","format":"standard","meta":{"footnotes":""},"categories":[597,456,457],"tags":[],"class_list":["post-179445","post","type-post","status-publish","format-standard","has-post-thumbnail","","category-cinta-de-noticias","category-arabe-internacional-politica","category-noticias-arabe-internacional-politica"],"_links":{"self":[{"href":"https:\/\/archive.sana.sy\/es\/index.php?rest_route=\/wp\/v2\/posts\/179445"}],"collection":[{"href":"https:\/\/archive.sana.sy\/es\/index.php?rest_route=\/wp\/v2\/posts"}],"about":[{"href":"https:\/\/archive.sana.sy\/es\/index.php?rest_route=\/wp\/v2\/types\/post"}],"author":[{"embeddable":true,"href":"https:\/\/archive.sana.sy\/es\/index.php?rest_route=\/wp\/v2\/users\/36"}],"replies":[{"embeddable":true,"href":"https:\/\/archive.sana.sy\/es\/index.php?rest_route=%2Fwp%2Fv2%2Fcomments&post=179445"}],"version-history":[{"count":0,"href":"https:\/\/archive.sana.sy\/es\/index.php?rest_route=\/wp\/v2\/posts\/179445\/revisions"}],"wp:featuredmedia":[{"embeddable":true,"href":"https:\/\/archive.sana.sy\/es\/index.php?rest_route=\/wp\/v2\/media\/179446"}],"wp:attachment":[{"href":"https:\/\/archive.sana.sy\/es\/index.php?rest_route=%2Fwp%2Fv2%2Fmedia&parent=179445"}],"wp:term":[{"taxonomy":"category","embeddable":true,"href":"https:\/\/archive.sana.sy\/es\/index.php?rest_route=%2Fwp%2Fv2%2Fcategories&post=179445"},{"taxonomy":"post_tag","embeddable":true,"href":"https:\/\/archive.sana.sy\/es\/index.php?rest_route=%2Fwp%2Fv2%2Ftags&post=179445"}],"curies":[{"name":"wp","href":"https:\/\/api.w.org\/{rel}","templated":true}]}}