{"id":17947,"date":"2015-02-14T21:13:57","date_gmt":"2015-02-14T19:13:57","guid":{"rendered":"http:\/\/www.sana.sy\/es\/?p=17947"},"modified":"2015-02-15T14:29:37","modified_gmt":"2015-02-15T12:29:37","slug":"el-ministro-del-interior-a-los-oficiales-y-los-miembros-de-la-administracion-anti-drogas-no-hay-que-bajar-la-guardia-en-la-lucha-contra-las-drogas-y-sus-promotores","status":"publish","type":"post","link":"https:\/\/archive.sana.sy\/es\/?p=17947","title":{"rendered":"El ministro del Interior: no hay que bajar la guardia en la lucha contra las drogas y sus promotores"},"content":{"rendered":"<p><span style=\"color: #0000ff\"> Damasco-SANA<\/span><strong>\u00a0<\/strong><\/p>\n<p><strong>El ministro del Interior el mayor general Mohammad al-Shaar, inst\u00f3 a la Administraci\u00f3n Antidrogas (AA) a \u00a0hacer todo lo posible en la lucha contra el flagelo de las drogas y su tr\u00e1fico.<\/strong><\/p>\n<p><strong>\u00a0<\/strong><\/p>\n<p><strong>El ministro durante su reuni\u00f3n hoy con los oficiales y miembros de la (AA), destac\u00f3 la importancia de la formaci\u00f3n y del entrenamiento de todos los departamentos de la administraci\u00f3n para realizar las tareas exigidas de buena manera.<\/strong><\/p>\n<p><strong>\u00a0<\/strong><\/p>\n<p><strong>Por otra parte el ministro al-Shaar, ha sido informado del proceso de trabajo de los laboratorios pertenecientes\u00a0 a la administraci\u00f3n, y tuvo unas charlas con los especialistas sobre el proceso de trabajo, y los an\u00e1lisis realizados sobre los varios tipos de las drogas.<\/strong><\/p>\n<p><strong>\u00a0<\/strong><\/p>\n<p><strong>Al concluir el encuentro, el ministro apreci\u00f3 los grandes esfuerzos de los comandantes y los\u00a0 oficiales de la administraci\u00f3n en el empe\u00f1o de combatir el contrabando de drogas, y les inst\u00f3 a intensificar los esfuerzos y cooperar con el ciudadano para acabar con este flagelo y sus promotores.<\/strong><\/p>\n<p><span style=\"color: #800000\">M.Miri, Riad.Sh<\/span><\/p>\n","protected":false},"excerpt":{"rendered":"<p>Damasco-SANA\u00a0 El ministro del Interior el mayor general Mohammad al-Shaar, inst\u00f3 a la Administraci\u00f3n Antidrogas (AA) a \u00a0hacer todo lo posible en la lucha contra el flagelo de las drogas y su tr\u00e1fico. \u00a0 El ministro durante su reuni\u00f3n hoy con los oficiales y miembros de la (AA), destac\u00f3 la importancia de la formaci\u00f3n y &hellip;<\/p>\n","protected":false},"author":1,"featured_media":17948,"comment_status":"closed","ping_status":"closed","sticky":false,"template":"","format":"standard","meta":{"footnotes":""},"categories":[597,456,457],"tags":[4080,4083],"class_list":["post-17947","post","type-post","status-publish","format-standard","has-post-thumbnail","","category-cinta-de-noticias","category-arabe-internacional-politica","category-noticias-arabe-internacional-politica","tag-el-ministro-del-interior-a-los-oficiales-y-los-miembros-de-la-administracion-anti-drogas-no-hay-que-bajar-la-guardia-en-la-lucha-contra-las-drogas-y-sus-promotores","tag-el-ministro-del-interior-no-hay-que-bajar-la-guardia-en-la-lucha-contra-las-drogas-y-sus-promotores"],"_links":{"self":[{"href":"https:\/\/archive.sana.sy\/es\/index.php?rest_route=\/wp\/v2\/posts\/17947"}],"collection":[{"href":"https:\/\/archive.sana.sy\/es\/index.php?rest_route=\/wp\/v2\/posts"}],"about":[{"href":"https:\/\/archive.sana.sy\/es\/index.php?rest_route=\/wp\/v2\/types\/post"}],"author":[{"embeddable":true,"href":"https:\/\/archive.sana.sy\/es\/index.php?rest_route=\/wp\/v2\/users\/1"}],"replies":[{"embeddable":true,"href":"https:\/\/archive.sana.sy\/es\/index.php?rest_route=%2Fwp%2Fv2%2Fcomments&post=17947"}],"version-history":[{"count":0,"href":"https:\/\/archive.sana.sy\/es\/index.php?rest_route=\/wp\/v2\/posts\/17947\/revisions"}],"wp:featuredmedia":[{"embeddable":true,"href":"https:\/\/archive.sana.sy\/es\/index.php?rest_route=\/wp\/v2\/media\/17948"}],"wp:attachment":[{"href":"https:\/\/archive.sana.sy\/es\/index.php?rest_route=%2Fwp%2Fv2%2Fmedia&parent=17947"}],"wp:term":[{"taxonomy":"category","embeddable":true,"href":"https:\/\/archive.sana.sy\/es\/index.php?rest_route=%2Fwp%2Fv2%2Fcategories&post=17947"},{"taxonomy":"post_tag","embeddable":true,"href":"https:\/\/archive.sana.sy\/es\/index.php?rest_route=%2Fwp%2Fv2%2Ftags&post=17947"}],"curies":[{"name":"wp","href":"https:\/\/api.w.org\/{rel}","templated":true}]}}