{"id":17958,"date":"2015-02-15T16:36:39","date_gmt":"2015-02-15T14:36:39","guid":{"rendered":"http:\/\/www.sana.sy\/es\/?p=17958"},"modified":"2015-02-17T15:56:12","modified_gmt":"2015-02-17T13:56:12","slug":"asamblea-del-pueblo-celebra-el-33o-aniversario-de-la-huelga-en-el-golan-ocupado","status":"publish","type":"post","link":"https:\/\/archive.sana.sy\/es\/?p=17958","title":{"rendered":"Asamblea del pueblo celebra el 33\u00ba aniversario de la huelga en el Gol\u00e1n ocupado"},"content":{"rendered":"<p><span style=\"color: #ff0000\">Damasco, SANA<\/span><\/p>\n<p>La Asamblea del Pueblo en su reuni\u00f3n celebrada hoy bajo la presidencia de Mohammad Jihad al-Laham\u00a0 conmemor\u00f3 el 33\u00ba\u00a0 aniversario de la huelga abierta realizada por nuestros compatriotas en el Gol\u00e1n\u00a0 ocupado para afirmar su adhesi\u00f3n a la madre identidad siria y su rechazo a la ocupaci\u00f3n sionista y sus\u00a0 pol\u00edticas arbitrarias y racistas.<\/p>\n<p>Al Lahham dijo en un discurso en la inauguraci\u00f3n de la sesi\u00f3n que \u201cempezamos nuestra sesi\u00f3n\u00a0 en conjunci\u00f3n con\u00a0 el motivo del aniversario de la huelga abierta realizada por nuestros compatriotas en el Gol\u00e1n\u00a0 ocupado afirmando a su adhesi\u00f3n a la madre identidad siria\u201d.<\/p>\n<p>El mismo afirm\u00f3 que Siria no renunciar\u00e1 a la plena devoluci\u00f3n del Gol\u00e1n a la patria, por tanto no escatimaremos ning\u00fan esfuerzo ni sudor o sangre para ser restaurarle.<\/p>\n<p>As\u00ed que al Lahham a\u00f1adi\u00f3 que hoy y con la victoria del ej\u00e9rcito sirio en la regi\u00f3n sure\u00f1a contra las organizaciones terroristas financiadas por Occidente e Israel, afirmamos que la hora de la victoria se acerc\u00f3, y que los sue\u00f1os de Israel fueron frustrados.<\/p>\n<p>Por otra parte, el Consejo escuch\u00f3 las respuestas del Ministerio de Justicia acerca de la obra del ministerio para acelerar el proceso de los litigios, y considerar las demandas levantadas ante los juicios.<br \/>\nAsimismo, dirigi\u00f3 un llamado a los miembros del Consejo para ampliar el alcance de las labores del comit\u00e9 penal especializado en el terrorismo y la creaci\u00f3n de una segunda c\u00e1mara sobre el terrorismo y estudiar las condiciones de los detenidos y la urgencia de la remisi\u00f3n de sus casos a los tribunales competentes.<\/p>\n<p>Los miembros del consejo exigieron el constante pago de los salarios de los secuestrados y desaparecidos sean militares o civiles.<\/p>\n<p>Por su parte, El Ministro de Justicia Dr. Najm al-Ahmad confirm\u00f3 que si cualquier empleado de las entidades p\u00fablicas consiga un fallo que muestre su inocencia o prevenir su juicio , tiene que recurrir al tribunal de trabajo, y la justicia administrativa para poder regresar a su centro de trabajo, se\u00f1alando que seguir pagando los salarios a los trabajadores secuestrados desaparecidos en los ministerios de Interior, y Defensa necesita una modificaci\u00f3n legislativa.<\/p>\n<p>Hala B., Ryad Sh.-Y.K.<\/p>\n","protected":false},"excerpt":{"rendered":"<p>Damasco, SANA La Asamblea del Pueblo en su reuni\u00f3n celebrada hoy bajo la presidencia de Mohammad Jihad al-Laham\u00a0 conmemor\u00f3 el 33\u00ba\u00a0 aniversario de la huelga abierta realizada por nuestros compatriotas en el Gol\u00e1n\u00a0 ocupado para afirmar su adhesi\u00f3n a la madre identidad siria y su rechazo a la ocupaci\u00f3n sionista y sus\u00a0 pol\u00edticas arbitrarias y &hellip;<\/p>\n","protected":false},"author":1,"featured_media":17959,"comment_status":"closed","ping_status":"closed","sticky":false,"template":"","format":"standard","meta":{"footnotes":""},"categories":[597],"tags":[4082],"class_list":["post-17958","post","type-post","status-publish","format-standard","has-post-thumbnail","","category-cinta-de-noticias","tag-asamblea-del-pueblo-celebra-el-33o-aniversario-de-la-huelga-en-el-golan-ocupado"],"_links":{"self":[{"href":"https:\/\/archive.sana.sy\/es\/index.php?rest_route=\/wp\/v2\/posts\/17958"}],"collection":[{"href":"https:\/\/archive.sana.sy\/es\/index.php?rest_route=\/wp\/v2\/posts"}],"about":[{"href":"https:\/\/archive.sana.sy\/es\/index.php?rest_route=\/wp\/v2\/types\/post"}],"author":[{"embeddable":true,"href":"https:\/\/archive.sana.sy\/es\/index.php?rest_route=\/wp\/v2\/users\/1"}],"replies":[{"embeddable":true,"href":"https:\/\/archive.sana.sy\/es\/index.php?rest_route=%2Fwp%2Fv2%2Fcomments&post=17958"}],"version-history":[{"count":0,"href":"https:\/\/archive.sana.sy\/es\/index.php?rest_route=\/wp\/v2\/posts\/17958\/revisions"}],"wp:featuredmedia":[{"embeddable":true,"href":"https:\/\/archive.sana.sy\/es\/index.php?rest_route=\/wp\/v2\/media\/17959"}],"wp:attachment":[{"href":"https:\/\/archive.sana.sy\/es\/index.php?rest_route=%2Fwp%2Fv2%2Fmedia&parent=17958"}],"wp:term":[{"taxonomy":"category","embeddable":true,"href":"https:\/\/archive.sana.sy\/es\/index.php?rest_route=%2Fwp%2Fv2%2Fcategories&post=17958"},{"taxonomy":"post_tag","embeddable":true,"href":"https:\/\/archive.sana.sy\/es\/index.php?rest_route=%2Fwp%2Fv2%2Ftags&post=17958"}],"curies":[{"name":"wp","href":"https:\/\/api.w.org\/{rel}","templated":true}]}}