{"id":179595,"date":"2021-05-15T17:41:34","date_gmt":"2021-05-15T14:41:34","guid":{"rendered":"http:\/\/107.6.182.27\/es\/?p=179595"},"modified":"2021-05-15T17:41:34","modified_gmt":"2021-05-15T14:41:34","slug":"manifestaciones-masivas-en-madrid-en-repudio-a-la-agresion-israeli-contra-la-franja-de-gaza-y-jerusalen","status":"publish","type":"post","link":"https:\/\/archive.sana.sy\/es\/?p=179595","title":{"rendered":"Manifestaciones masivas en Madrid en repudio a la agresi\u00f3n israel\u00ed contra la Franja de Gaza y Jerusal\u00e9n"},"content":{"rendered":"<p><span style=\"color: #800000;\"><strong>Madrid, SANA<\/strong><\/span><\/p>\n<div id='gallery-1' class='gallery galleryid-179595 gallery-columns-1 gallery-size-full'><figure class='gallery-item'>\n\t\t\t<div class='gallery-icon landscape'>\n\t\t\t\t<a href='https:\/\/archive.sana.sy\/es\/wp-content\/uploads\/2021\/05\/\u0628-scaled.jpg'><img loading=\"lazy\" decoding=\"async\" width=\"2560\" height=\"1703\" src=\"https:\/\/archive.sana.sy\/es\/wp-content\/uploads\/2021\/05\/\u0628-scaled.jpg\" class=\"attachment-full size-full\" alt=\"\" aria-describedby=\"gallery-1-179596\" srcset=\"https:\/\/archive.sana.sy\/es\/wp-content\/uploads\/2021\/05\/\u0628-scaled.jpg 2560w, https:\/\/archive.sana.sy\/es\/wp-content\/uploads\/2021\/05\/\u0628-300x200.jpg 300w, https:\/\/archive.sana.sy\/es\/wp-content\/uploads\/2021\/05\/\u0628-1024x681.jpg 1024w, https:\/\/archive.sana.sy\/es\/wp-content\/uploads\/2021\/05\/\u0628-150x100.jpg 150w, https:\/\/archive.sana.sy\/es\/wp-content\/uploads\/2021\/05\/\u0628-768x511.jpg 768w, https:\/\/archive.sana.sy\/es\/wp-content\/uploads\/2021\/05\/\u0628-1536x1022.jpg 1536w, https:\/\/archive.sana.sy\/es\/wp-content\/uploads\/2021\/05\/\u0628-2048x1363.jpg 2048w, https:\/\/archive.sana.sy\/es\/wp-content\/uploads\/2021\/05\/\u0628-310x205.jpg 310w\" sizes=\"(max-width: 2560px) 100vw, 2560px\" \/><\/a>\n\t\t\t<\/div>\n\t\t\t\t<figcaption class='wp-caption-text gallery-caption' id='gallery-1-179596'>\n\t\t\t\tPeople take part in a demonstration marking the 73rd anniversary of the &#8220;Naqba&#8221; (catastrophe) in Madrid on May 15, 2021. The &#8220;Naqba&#8221;, (Day of Catastrophe) refers to the day May 15, 1948, when the modern state of Israel was established following the Arab-Israeli war, which led to the displacement of hundreds of thousands of Palestinian people.  \/ AFP \/ GABRIEL BOUYS\n\t\t\t\t<\/figcaption><\/figure><figure class='gallery-item'>\n\t\t\t<div class='gallery-icon landscape'>\n\t\t\t\t<a href='https:\/\/archive.sana.sy\/es\/wp-content\/uploads\/2021\/05\/\u0645-scaled.jpg'><img loading=\"lazy\" decoding=\"async\" width=\"2560\" height=\"1703\" src=\"https:\/\/archive.sana.sy\/es\/wp-content\/uploads\/2021\/05\/\u0645-scaled.jpg\" class=\"attachment-full size-full\" alt=\"\" aria-describedby=\"gallery-1-179597\" srcset=\"https:\/\/archive.sana.sy\/es\/wp-content\/uploads\/2021\/05\/\u0645-scaled.jpg 2560w, https:\/\/archive.sana.sy\/es\/wp-content\/uploads\/2021\/05\/\u0645-300x200.jpg 300w, https:\/\/archive.sana.sy\/es\/wp-content\/uploads\/2021\/05\/\u0645-1024x681.jpg 1024w, https:\/\/archive.sana.sy\/es\/wp-content\/uploads\/2021\/05\/\u0645-150x100.jpg 150w, https:\/\/archive.sana.sy\/es\/wp-content\/uploads\/2021\/05\/\u0645-768x511.jpg 768w, https:\/\/archive.sana.sy\/es\/wp-content\/uploads\/2021\/05\/\u0645-1536x1022.jpg 1536w, https:\/\/archive.sana.sy\/es\/wp-content\/uploads\/2021\/05\/\u0645-2048x1362.jpg 2048w, https:\/\/archive.sana.sy\/es\/wp-content\/uploads\/2021\/05\/\u0645-310x205.jpg 310w\" sizes=\"(max-width: 2560px) 100vw, 2560px\" \/><\/a>\n\t\t\t<\/div>\n\t\t\t\t<figcaption class='wp-caption-text gallery-caption' id='gallery-1-179597'>\n\t\t\t\tPeople take part in a demonstration marking the 73rd anniversary of the &#8220;Naqba&#8221; (catastrophe) in Madrid on May 15, 2021. The &#8220;Naqba&#8221;, (Day of Catastrophe) refers to the day May 15, 1948, when the modern state of Israel was established following the Arab-Israeli war, which led to the displacement of hundreds of thousands of Palestinian people.  \/ AFP \/ GABRIEL BOUYS\n\t\t\t\t<\/figcaption><\/figure><figure class='gallery-item'>\n\t\t\t<div class='gallery-icon landscape'>\n\t\t\t\t<a href='https:\/\/archive.sana.sy\/es\/wp-content\/uploads\/2021\/05\/\u0645\u062f\u0631\u064a\u062f1-10-scaled.jpg'><img loading=\"lazy\" decoding=\"async\" width=\"2560\" height=\"1707\" src=\"https:\/\/archive.sana.sy\/es\/wp-content\/uploads\/2021\/05\/\u0645\u062f\u0631\u064a\u062f1-10-scaled.jpg\" class=\"attachment-full size-full\" alt=\"\" aria-describedby=\"gallery-1-179598\" srcset=\"https:\/\/archive.sana.sy\/es\/wp-content\/uploads\/2021\/05\/\u0645\u062f\u0631\u064a\u062f1-10-scaled.jpg 2560w, https:\/\/archive.sana.sy\/es\/wp-content\/uploads\/2021\/05\/\u0645\u062f\u0631\u064a\u062f1-10-300x200.jpg 300w, https:\/\/archive.sana.sy\/es\/wp-content\/uploads\/2021\/05\/\u0645\u062f\u0631\u064a\u062f1-10-1024x683.jpg 1024w, https:\/\/archive.sana.sy\/es\/wp-content\/uploads\/2021\/05\/\u0645\u062f\u0631\u064a\u062f1-10-150x100.jpg 150w, https:\/\/archive.sana.sy\/es\/wp-content\/uploads\/2021\/05\/\u0645\u062f\u0631\u064a\u062f1-10-768x512.jpg 768w, https:\/\/archive.sana.sy\/es\/wp-content\/uploads\/2021\/05\/\u0645\u062f\u0631\u064a\u062f1-10-1536x1024.jpg 1536w, https:\/\/archive.sana.sy\/es\/wp-content\/uploads\/2021\/05\/\u0645\u062f\u0631\u064a\u062f1-10-2048x1366.jpg 2048w\" sizes=\"(max-width: 2560px) 100vw, 2560px\" \/><\/a>\n\t\t\t<\/div>\n\t\t\t\t<figcaption class='wp-caption-text gallery-caption' id='gallery-1-179598'>\n\t\t\t\tPeople hold a big Palestinian flag as they take part in a demonstration marking the 73rd anniversary of the &#8220;Naqba&#8221; (catastrophe) in Madrid on May 15, 2021. The &#8220;Naqba&#8221;, (Day of Catastrophe) refers to the day May 15, 1948, when the modern state of Israel was established following the Arab-Israeli war, which led to the displacement of hundreds of thousands of Palestinian people.  \/ AFP \/ GABRIEL BOUYS\n\t\t\t\t<\/figcaption><\/figure><figure class='gallery-item'>\n\t\t\t<div class='gallery-icon landscape'>\n\t\t\t\t<a href='https:\/\/archive.sana.sy\/es\/wp-content\/uploads\/2021\/05\/\u0645\u062f\u0631\u064a\u062f2-10-scaled.jpg'><img loading=\"lazy\" decoding=\"async\" width=\"2560\" height=\"1605\" src=\"https:\/\/archive.sana.sy\/es\/wp-content\/uploads\/2021\/05\/\u0645\u062f\u0631\u064a\u062f2-10-scaled.jpg\" class=\"attachment-full size-full\" alt=\"\" aria-describedby=\"gallery-1-179599\" srcset=\"https:\/\/archive.sana.sy\/es\/wp-content\/uploads\/2021\/05\/\u0645\u062f\u0631\u064a\u062f2-10-scaled.jpg 2560w, https:\/\/archive.sana.sy\/es\/wp-content\/uploads\/2021\/05\/\u0645\u062f\u0631\u064a\u062f2-10-300x188.jpg 300w, https:\/\/archive.sana.sy\/es\/wp-content\/uploads\/2021\/05\/\u0645\u062f\u0631\u064a\u062f2-10-1024x642.jpg 1024w, https:\/\/archive.sana.sy\/es\/wp-content\/uploads\/2021\/05\/\u0645\u062f\u0631\u064a\u062f2-10-150x94.jpg 150w, https:\/\/archive.sana.sy\/es\/wp-content\/uploads\/2021\/05\/\u0645\u062f\u0631\u064a\u062f2-10-768x482.jpg 768w, https:\/\/archive.sana.sy\/es\/wp-content\/uploads\/2021\/05\/\u0645\u062f\u0631\u064a\u062f2-10-1536x963.jpg 1536w, https:\/\/archive.sana.sy\/es\/wp-content\/uploads\/2021\/05\/\u0645\u062f\u0631\u064a\u062f2-10-2048x1284.jpg 2048w\" sizes=\"(max-width: 2560px) 100vw, 2560px\" \/><\/a>\n\t\t\t<\/div>\n\t\t\t\t<figcaption class='wp-caption-text gallery-caption' id='gallery-1-179599'>\n\t\t\t\tPeople hold a big Palestinian flag as they take part in a demonstration marking the 73rd anniversary of the &#8220;Naqba&#8221; (catastrophe) in Madrid on May 15, 2021. The &#8220;Naqba&#8221;, (Day of Catastrophe) refers to the day May 15, 1948, when the modern state of Israel was established following the Arab-Israeli war, which led to the displacement of hundreds of thousands of Palestinian people.  \/ AFP \/ GABRIEL BOUYS\n\t\t\t\t<\/figcaption><\/figure><figure class='gallery-item'>\n\t\t\t<div class='gallery-icon landscape'>\n\t\t\t\t<a href='https:\/\/archive.sana.sy\/es\/wp-content\/uploads\/2021\/05\/\u0645\u062f\u0631\u064a\u062f3-14-scaled.jpg'><img loading=\"lazy\" decoding=\"async\" width=\"2560\" height=\"1703\" src=\"https:\/\/archive.sana.sy\/es\/wp-content\/uploads\/2021\/05\/\u0645\u062f\u0631\u064a\u062f3-14-scaled.jpg\" class=\"attachment-full size-full\" alt=\"\" aria-describedby=\"gallery-1-179600\" srcset=\"https:\/\/archive.sana.sy\/es\/wp-content\/uploads\/2021\/05\/\u0645\u062f\u0631\u064a\u062f3-14-scaled.jpg 2560w, https:\/\/archive.sana.sy\/es\/wp-content\/uploads\/2021\/05\/\u0645\u062f\u0631\u064a\u062f3-14-300x200.jpg 300w, https:\/\/archive.sana.sy\/es\/wp-content\/uploads\/2021\/05\/\u0645\u062f\u0631\u064a\u062f3-14-1024x681.jpg 1024w, https:\/\/archive.sana.sy\/es\/wp-content\/uploads\/2021\/05\/\u0645\u062f\u0631\u064a\u062f3-14-150x100.jpg 150w, https:\/\/archive.sana.sy\/es\/wp-content\/uploads\/2021\/05\/\u0645\u062f\u0631\u064a\u062f3-14-768x511.jpg 768w, https:\/\/archive.sana.sy\/es\/wp-content\/uploads\/2021\/05\/\u0645\u062f\u0631\u064a\u062f3-14-1536x1022.jpg 1536w, https:\/\/archive.sana.sy\/es\/wp-content\/uploads\/2021\/05\/\u0645\u062f\u0631\u064a\u062f3-14-2048x1363.jpg 2048w, https:\/\/archive.sana.sy\/es\/wp-content\/uploads\/2021\/05\/\u0645\u062f\u0631\u064a\u062f3-14-310x205.jpg 310w\" sizes=\"(max-width: 2560px) 100vw, 2560px\" \/><\/a>\n\t\t\t<\/div>\n\t\t\t\t<figcaption class='wp-caption-text gallery-caption' id='gallery-1-179600'>\n\t\t\t\tPeople take part in a demonstration marking the 73rd anniversary of the &#8220;Naqba&#8221; (catastrophe) in Madrid on May 15, 2021. The &#8220;Naqba&#8221;, (Day of Catastrophe) refers to the day May 15, 1948, when the modern state of Israel was established following the Arab-Israeli war, which led to the displacement of hundreds of thousands of Palestinian people.  \/ AFP \/ GABRIEL BOUYS\n\t\t\t\t<\/figcaption><\/figure><figure class='gallery-item'>\n\t\t\t<div class='gallery-icon landscape'>\n\t\t\t\t<a href='https:\/\/archive.sana.sy\/es\/wp-content\/uploads\/2021\/05\/\u0645\u062f\u0631\u064a\u062f4-9-scaled.jpg'><img loading=\"lazy\" decoding=\"async\" width=\"2560\" height=\"1707\" src=\"https:\/\/archive.sana.sy\/es\/wp-content\/uploads\/2021\/05\/\u0645\u062f\u0631\u064a\u062f4-9-scaled.jpg\" class=\"attachment-full size-full\" alt=\"\" aria-describedby=\"gallery-1-179601\" srcset=\"https:\/\/archive.sana.sy\/es\/wp-content\/uploads\/2021\/05\/\u0645\u062f\u0631\u064a\u062f4-9-scaled.jpg 2560w, https:\/\/archive.sana.sy\/es\/wp-content\/uploads\/2021\/05\/\u0645\u062f\u0631\u064a\u062f4-9-300x200.jpg 300w, https:\/\/archive.sana.sy\/es\/wp-content\/uploads\/2021\/05\/\u0645\u062f\u0631\u064a\u062f4-9-1024x683.jpg 1024w, https:\/\/archive.sana.sy\/es\/wp-content\/uploads\/2021\/05\/\u0645\u062f\u0631\u064a\u062f4-9-150x100.jpg 150w, https:\/\/archive.sana.sy\/es\/wp-content\/uploads\/2021\/05\/\u0645\u062f\u0631\u064a\u062f4-9-768x512.jpg 768w, https:\/\/archive.sana.sy\/es\/wp-content\/uploads\/2021\/05\/\u0645\u062f\u0631\u064a\u062f4-9-1536x1024.jpg 1536w, https:\/\/archive.sana.sy\/es\/wp-content\/uploads\/2021\/05\/\u0645\u062f\u0631\u064a\u062f4-9-2048x1365.jpg 2048w\" sizes=\"(max-width: 2560px) 100vw, 2560px\" \/><\/a>\n\t\t\t<\/div>\n\t\t\t\t<figcaption class='wp-caption-text gallery-caption' id='gallery-1-179601'>\n\t\t\t\tPeople take part in a demonstration marking the 73rd anniversary of the &#8220;Naqba&#8221; (catastrophe) in Madrid on May 15, 2021. The &#8220;Naqba&#8221;, (Day of Catastrophe) refers to the day May 15, 1948, when the modern state of Israel was established following the Arab-Israeli war, which led to the displacement of hundreds of thousands of Palestinian people.  \/ AFP \/ GABRIEL BOUYS\n\t\t\t\t<\/figcaption><\/figure><figure class='gallery-item'>\n\t\t\t<div class='gallery-icon landscape'>\n\t\t\t\t<a href='https:\/\/archive.sana.sy\/es\/wp-content\/uploads\/2021\/05\/\u0645\u062f\u0631\u064a\u062f5-7-scaled.jpg'><img loading=\"lazy\" decoding=\"async\" width=\"2560\" height=\"1707\" src=\"https:\/\/archive.sana.sy\/es\/wp-content\/uploads\/2021\/05\/\u0645\u062f\u0631\u064a\u062f5-7-scaled.jpg\" class=\"attachment-full size-full\" alt=\"\" aria-describedby=\"gallery-1-179602\" srcset=\"https:\/\/archive.sana.sy\/es\/wp-content\/uploads\/2021\/05\/\u0645\u062f\u0631\u064a\u062f5-7-scaled.jpg 2560w, https:\/\/archive.sana.sy\/es\/wp-content\/uploads\/2021\/05\/\u0645\u062f\u0631\u064a\u062f5-7-300x200.jpg 300w, https:\/\/archive.sana.sy\/es\/wp-content\/uploads\/2021\/05\/\u0645\u062f\u0631\u064a\u062f5-7-1024x683.jpg 1024w, https:\/\/archive.sana.sy\/es\/wp-content\/uploads\/2021\/05\/\u0645\u062f\u0631\u064a\u062f5-7-150x100.jpg 150w, https:\/\/archive.sana.sy\/es\/wp-content\/uploads\/2021\/05\/\u0645\u062f\u0631\u064a\u062f5-7-768x512.jpg 768w, https:\/\/archive.sana.sy\/es\/wp-content\/uploads\/2021\/05\/\u0645\u062f\u0631\u064a\u062f5-7-1536x1024.jpg 1536w, https:\/\/archive.sana.sy\/es\/wp-content\/uploads\/2021\/05\/\u0645\u062f\u0631\u064a\u062f5-7-2048x1365.jpg 2048w\" sizes=\"(max-width: 2560px) 100vw, 2560px\" \/><\/a>\n\t\t\t<\/div>\n\t\t\t\t<figcaption class='wp-caption-text gallery-caption' id='gallery-1-179602'>\n\t\t\t\tPeople take part in a demonstration marking the 73rd anniversary of the &#8220;Naqba&#8221; (catastrophe) in Madrid on May 15, 2021. The &#8220;Naqba&#8221;, (Day of Catastrophe) refers to the day May 15, 1948, when the modern state of Israel was established following the Arab-Israeli war, which led to the displacement of hundreds of thousands of Palestinian people.  \/ AFP \/ GABRIEL BOUYS\n\t\t\t\t<\/figcaption><\/figure>\n\t\t<\/div>\n\n","protected":false},"excerpt":{"rendered":"<p>Madrid, SANA<\/p>\n","protected":false},"author":30,"featured_media":179602,"comment_status":"closed","ping_status":"closed","sticky":false,"template":"","format":"standard","meta":{"footnotes":""},"categories":[597,625,623,571],"tags":[],"class_list":["post-179595","post","type-post","status-publish","format-standard","has-post-thumbnail","","category-cinta-de-noticias","category-fotos-fotos-sana","category-fotos-sana","category-siria-en-fotos"],"_links":{"self":[{"href":"https:\/\/archive.sana.sy\/es\/index.php?rest_route=\/wp\/v2\/posts\/179595"}],"collection":[{"href":"https:\/\/archive.sana.sy\/es\/index.php?rest_route=\/wp\/v2\/posts"}],"about":[{"href":"https:\/\/archive.sana.sy\/es\/index.php?rest_route=\/wp\/v2\/types\/post"}],"author":[{"embeddable":true,"href":"https:\/\/archive.sana.sy\/es\/index.php?rest_route=\/wp\/v2\/users\/30"}],"replies":[{"embeddable":true,"href":"https:\/\/archive.sana.sy\/es\/index.php?rest_route=%2Fwp%2Fv2%2Fcomments&post=179595"}],"version-history":[{"count":0,"href":"https:\/\/archive.sana.sy\/es\/index.php?rest_route=\/wp\/v2\/posts\/179595\/revisions"}],"wp:featuredmedia":[{"embeddable":true,"href":"https:\/\/archive.sana.sy\/es\/index.php?rest_route=\/wp\/v2\/media\/179602"}],"wp:attachment":[{"href":"https:\/\/archive.sana.sy\/es\/index.php?rest_route=%2Fwp%2Fv2%2Fmedia&parent=179595"}],"wp:term":[{"taxonomy":"category","embeddable":true,"href":"https:\/\/archive.sana.sy\/es\/index.php?rest_route=%2Fwp%2Fv2%2Fcategories&post=179595"},{"taxonomy":"post_tag","embeddable":true,"href":"https:\/\/archive.sana.sy\/es\/index.php?rest_route=%2Fwp%2Fv2%2Ftags&post=179595"}],"curies":[{"name":"wp","href":"https:\/\/api.w.org\/{rel}","templated":true}]}}