{"id":179652,"date":"2021-05-19T06:00:57","date_gmt":"2021-05-19T03:00:57","guid":{"rendered":"http:\/\/107.6.182.27\/es\/?p=179652"},"modified":"2023-01-10T14:28:43","modified_gmt":"2023-01-10T12:28:43","slug":"las-elecciones-presidenciales-demuestran-la-fortaleza-institucional-de-siria","status":"publish","type":"post","link":"https:\/\/archive.sana.sy\/es\/?p=179652","title":{"rendered":"Las elecciones presidenciales demuestran la fortaleza institucional de Siria"},"content":{"rendered":"<p style=\"text-align: justify;\"><span style=\"color: #800000;\"><strong>Damasco, SANA<\/strong><\/span><\/p>\n<p style=\"text-align: justify;\">Siria se est\u00e1 preparando para celebrar elecciones presidenciales este mes mientras sigue luchando contra el terrorismo respaldado por extranjeros, enfrentando la ocupaci\u00f3n y resistiendo un asfixiante asedio impuesto al pa\u00eds por Estados Unidos y los estados europeos. Los sirios dentro y fuera del pa\u00eds elegir\u00e1n qui\u00e9n los dirigir\u00e1 en los a\u00f1os venideros a pesar de todos los desaf\u00edos y presiones con la gran esperanza de que la futura Siria sea m\u00e1s saludable, m\u00e1s estable y pr\u00f3spera.<\/p>\n<p style=\"text-align: justify;\">&#8220;Estas elecciones presidenciales son muy importantes porque permitir\u00e1n a Siria seguir adelante con su reconstrucci\u00f3n despu\u00e9s de haber enfrentado todo tipo de problemas en los \u00faltimos diez a\u00f1os, incluido el terrorismo y la presi\u00f3n externa en forma de medidas econ\u00f3micas coercitivas impuestas por Estados Unidos y la Uni\u00f3n Europea en violaci\u00f3n de la Carta de la ONU&#8221;, dijo el profesor Pablo Sapag, un expatriado sirio chileno-espa\u00f1ol y profesor investigador de la Universidad Complutense de Madrid.<\/p>\n<p style=\"text-align: justify;\">\u201cEl hecho de que estas elecciones se celebren en el tiempo y la forma debidos de acuerdo con la Constituci\u00f3n de Siria de 2012, adem\u00e1s de las numerosas ofertas de precandidatos, demuestra la fortaleza del sistema institucional sirio y su inmunidad a cualquier tipo de presiones externas indebidas\u201d, agreg\u00f3 y se\u00f1al\u00f3 que estas elecciones tambi\u00e9n muestran la capacidad del Estado sirio para organizar las elecciones y al mismo tiempo seguir aplicando todas las medidas de salud para enfrentar de manera efectiva los efectos de la pandemia de Covid-19.<\/p>\n<p style=\"text-align: justify;\">Los pa\u00edses occidentales, que han apoyado el terrorismo en Siria, est\u00e1n en contra de estas elecciones y cuestionan descaradamente su legalidad, ignorando los derechos y aspiraciones del pueblo sirio.<\/p>\n<p style=\"text-align: justify;\">Seg\u00fan el profesor Sapag, &#8220;la posici\u00f3n de los pa\u00edses occidentales hacia las elecciones presidenciales sirias no importa en absoluto. Simplemente demuestra lo aislados y desconectados que est\u00e1n de la realidad de lo que est\u00e1 sucediendo en Siria. Llevan a\u00f1os intentando interferir en los asuntos sirios, pero han fracasado una y otra vez. Simplemente no entienden a Siria y la conciencia nacional del pueblo sirio, su arraigada y larga historia, su coexistencia \u00fanica y car\u00e1cter multirreligioso y su lucha por la independencia y contra el imperialismo. Las elecciones presidenciales certificar\u00e1n una vez m\u00e1s su fracaso en Siria&#8221;.<\/p>\n<p style=\"text-align: justify;\">Sobre los preparativos de la comunidad siria en Chile para el importante evento eleccionario, Sapag, autor del libro &#8220;Siria en perspectiva&#8221;, dijo que como en todo el mundo, la comunidad siria expatriada en Chile est\u00e1 muy interesada en este proceso electoral.<\/p>\n<p style=\"text-align: justify;\">\u201cTodo el mundo sabe que estas elecciones ayudar\u00e1n a Siria a superar los \u00faltimos a\u00f1os dif\u00edciles y seguir adelante. Los expatriados en Chile, el resto de Am\u00e9rica Latina o Espa\u00f1a est\u00e1n ansiosos por participar en la reconstrucci\u00f3n de la Patria. De hecho, muchos expatriados sirios que no tienen los documentos sirios y, en consecuencia, no pueden votar, ven con envidia a quienes votar\u00e1n. Muchos han pedido a las autoridades diplom\u00e1ticas sirias en sus pa\u00edses de residencia que faciliten los procedimientos para que la segunda, tercera y cuarta generaci\u00f3n de expatriados sirios recuperen su ciudadan\u00eda siria. Muchos entienden que durante el pasado per\u00edodo en Siria se ha dado prioridad a otros temas clave, pero piden a los candidatos presidenciales que tengan en cuenta esta exigencia de miles de sirios en el exterior para que puedan participar y renovar su compromiso con su patria en futuras elecciones\u201d.<\/p>\n<p style=\"text-align: justify;\">Sapag dej\u00f3 en claro que \u201cestas elecciones definitivamente ser\u00e1n una gran contribuci\u00f3n para consolidar la estabilidad en Siria. Demostrar\u00e1n cu\u00e1n s\u00f3lido es el sistema pol\u00edtico e institucional sirio, cu\u00e1n fuerte es la voluntad y firmeza del pueblo sirio y cu\u00e1n fallidas e in\u00fatiles son las medidas econ\u00f3micas coercitivas e ilegales impuestas por EEUU y la Uni\u00f3n Europea a los sirios\u201d.<\/p>\n<p style=\"text-align: justify;\">\u201cSiria tiene su propia hoja de ruta y la est\u00e1 siguiendo. Ese es el mensaje de estas elecciones\u201d, subray\u00f3.<\/p>\n<p style=\"text-align: justify;\">&#8220;La mayor\u00eda de las comunidades de expatriados de Am\u00e9rica Latina valoran la estabilidad y reconocen el liderazgo del presidente Asad en este momento tan dif\u00edcil para la Patria. Asimismo recuerdan y valoran el hecho de que en 2010 viaj\u00f3 a varios pa\u00edses latinoamericanos. Por supuesto, tambi\u00e9n est\u00e1n aprendiendo sobre los otros dos candidatos y agradecen su participaci\u00f3n porque eso fortalece a las instituciones sirias y en \u00faltima instancia a nuestra Naci\u00f3n\u201d, reiter\u00f3.<\/p>\n<p style=\"text-align: justify;\">En una entrevista anterior con Syria Times, Sapag dijo que durante la crisis en Siria, la Comunidad Siria en Chile ha jugado un papel activo en brindar diferentes formas de ayuda humanitaria y m\u00e9dica a los ciudadanos sirios para aliviar su sufrimiento y ha tratado de explicar la situaci\u00f3n real sobre el terreno en Siria para ayudar a los chilenos y las autoridades a tener una imagen mejor y m\u00e1s profunda de lo que realmente est\u00e1 sucediendo en el pa\u00eds.<\/p>\n<p style=\"text-align: justify;\"><span style=\"color: #0000ff;\"><strong>Fuente: Diario sirio-liban\u00e9s<\/strong><\/span><\/p>\n","protected":false},"excerpt":{"rendered":"<p>Damasco, SANA Siria se est\u00e1 preparando para celebrar elecciones presidenciales este mes mientras sigue luchando contra el terrorismo respaldado por extranjeros, enfrentando la ocupaci\u00f3n y resistiendo un asfixiante asedio impuesto al pa\u00eds por Estados Unidos y los estados europeos. Los sirios dentro y fuera del pa\u00eds elegir\u00e1n qui\u00e9n los dirigir\u00e1 en los a\u00f1os venideros a &hellip;<\/p>\n","protected":false},"author":34,"featured_media":179653,"comment_status":"closed","ping_status":"closed","sticky":false,"template":"","format":"standard","meta":{"footnotes":""},"categories":[447,477,597,19009,476,457,7541],"tags":[],"class_list":["post-179652","post","type-post","status-publish","format-standard","has-post-thumbnail","","category-local-politica","category-noticias-edulcorantes","category-cinta-de-noticias","category-elecciones-presidenciales-2021","category-locales","category-noticias-arabe-internacional-politica","category-ultimas-noticias"],"_links":{"self":[{"href":"https:\/\/archive.sana.sy\/es\/index.php?rest_route=\/wp\/v2\/posts\/179652"}],"collection":[{"href":"https:\/\/archive.sana.sy\/es\/index.php?rest_route=\/wp\/v2\/posts"}],"about":[{"href":"https:\/\/archive.sana.sy\/es\/index.php?rest_route=\/wp\/v2\/types\/post"}],"author":[{"embeddable":true,"href":"https:\/\/archive.sana.sy\/es\/index.php?rest_route=\/wp\/v2\/users\/34"}],"replies":[{"embeddable":true,"href":"https:\/\/archive.sana.sy\/es\/index.php?rest_route=%2Fwp%2Fv2%2Fcomments&post=179652"}],"version-history":[{"count":0,"href":"https:\/\/archive.sana.sy\/es\/index.php?rest_route=\/wp\/v2\/posts\/179652\/revisions"}],"wp:featuredmedia":[{"embeddable":true,"href":"https:\/\/archive.sana.sy\/es\/index.php?rest_route=\/wp\/v2\/media\/179653"}],"wp:attachment":[{"href":"https:\/\/archive.sana.sy\/es\/index.php?rest_route=%2Fwp%2Fv2%2Fmedia&parent=179652"}],"wp:term":[{"taxonomy":"category","embeddable":true,"href":"https:\/\/archive.sana.sy\/es\/index.php?rest_route=%2Fwp%2Fv2%2Fcategories&post=179652"},{"taxonomy":"post_tag","embeddable":true,"href":"https:\/\/archive.sana.sy\/es\/index.php?rest_route=%2Fwp%2Fv2%2Ftags&post=179652"}],"curies":[{"name":"wp","href":"https:\/\/api.w.org\/{rel}","templated":true}]}}