{"id":17975,"date":"2015-02-15T16:35:13","date_gmt":"2015-02-15T14:35:13","guid":{"rendered":"http:\/\/www.sana.sy\/es\/?p=17975"},"modified":"2015-02-15T16:35:13","modified_gmt":"2015-02-15T14:35:13","slug":"ministerio-de-salud-inicia-una-nueva-campana-de-vacunacion-contra-la-polio","status":"publish","type":"post","link":"https:\/\/archive.sana.sy\/es\/?p=17975","title":{"rendered":"Ministerio de Salud inicia una nueva campa\u00f1a de vacunaci\u00f3n contra la polio"},"content":{"rendered":"<p>Latakia, SANA<\/p>\n<p>El Ministerio de Salud ha lanzado este domingo una nueva campa\u00f1a de vacunaci\u00f3n contra la polio en el marco de sus continuos esfuerzos para erradicar esta enfermedad del pa\u00eds.<\/p>\n<p>La campa\u00f1a destinada\u00a0a inmunizar a los ni\u00f1os menores de cinco a\u00f1os, durar\u00e1 hasta el pr\u00f3ximo jueves.<\/p>\n<p>En este contexto, el ministro de Salud, Nizar Yazayi efectu\u00f3 una gira en el centro sanitario principal de la ciudad de Yabla en la provincia costera de Latakia para estar al tanto del proceso de vacunaci\u00f3n.<\/p>\n<p>Durante el recorrido, el ministro Yazayi resalt\u00f3 que su ministerio tom\u00f3 todas las medidas necesarias para garantizar el \u00e9xito de esta campa\u00f1a, donde asign\u00f3 cerca de tres millones de dosis de vacunas, unos 7723 trabajadores en el \u00e1mbito sanitario, y unos 1828 voluntarios expertos, adem\u00e1s de unos 888 veh\u00edculos que transportar\u00e1n a los equipos de vacunadores a las zonas donde no existen centros sanitarios.<\/p>\n<p>El titular de Salud dirigi\u00f3 un llamamiento a los padres para llevar a sus<br \/>\nni\u00f1os a los centros sanitarios a fin de vacunarlos, independientemente de sus vacunas anteriores, asegurando que las vacunas son seguras, gratuitas y conforme con las normas de la Organizaci\u00f3n Mundial de Salud.<\/p>\n<p>Cabe recordar que el Ministerio de Salud hab\u00eda lanzado la d\u00e9cima campa\u00f1a de vacunaci\u00f3n a finales del pasado mes de noviembre, en la cual se logr\u00f3 inmunizar a alrededor de 2,9 millones de ni\u00f1os de todas las provincias.<br \/>\nLynn A.<\/p>\n","protected":false},"excerpt":{"rendered":"<p>Latakia, SANA El Ministerio de Salud ha lanzado este domingo una nueva campa\u00f1a de vacunaci\u00f3n contra la polio en el marco de sus continuos esfuerzos para erradicar esta enfermedad del pa\u00eds. La campa\u00f1a destinada\u00a0a inmunizar a los ni\u00f1os menores de cinco a\u00f1os, durar\u00e1 hasta el pr\u00f3ximo jueves. En este contexto, el ministro de Salud, Nizar &hellip;<\/p>\n","protected":false},"author":24,"featured_media":15939,"comment_status":"closed","ping_status":"closed","sticky":false,"template":"","format":"standard","meta":{"footnotes":""},"categories":[477,597,476],"tags":[4086],"class_list":["post-17975","post","type-post","status-publish","format-standard","has-post-thumbnail","","category-noticias-edulcorantes","category-cinta-de-noticias","category-locales","tag-ministerio-de-salud-inicia-una-nueva-campana-de-vacunacion-contra-la-polio"],"_links":{"self":[{"href":"https:\/\/archive.sana.sy\/es\/index.php?rest_route=\/wp\/v2\/posts\/17975"}],"collection":[{"href":"https:\/\/archive.sana.sy\/es\/index.php?rest_route=\/wp\/v2\/posts"}],"about":[{"href":"https:\/\/archive.sana.sy\/es\/index.php?rest_route=\/wp\/v2\/types\/post"}],"author":[{"embeddable":true,"href":"https:\/\/archive.sana.sy\/es\/index.php?rest_route=\/wp\/v2\/users\/24"}],"replies":[{"embeddable":true,"href":"https:\/\/archive.sana.sy\/es\/index.php?rest_route=%2Fwp%2Fv2%2Fcomments&post=17975"}],"version-history":[{"count":0,"href":"https:\/\/archive.sana.sy\/es\/index.php?rest_route=\/wp\/v2\/posts\/17975\/revisions"}],"wp:featuredmedia":[{"embeddable":true,"href":"https:\/\/archive.sana.sy\/es\/index.php?rest_route=\/wp\/v2\/media\/15939"}],"wp:attachment":[{"href":"https:\/\/archive.sana.sy\/es\/index.php?rest_route=%2Fwp%2Fv2%2Fmedia&parent=17975"}],"wp:term":[{"taxonomy":"category","embeddable":true,"href":"https:\/\/archive.sana.sy\/es\/index.php?rest_route=%2Fwp%2Fv2%2Fcategories&post=17975"},{"taxonomy":"post_tag","embeddable":true,"href":"https:\/\/archive.sana.sy\/es\/index.php?rest_route=%2Fwp%2Fv2%2Ftags&post=17975"}],"curies":[{"name":"wp","href":"https:\/\/api.w.org\/{rel}","templated":true}]}}