{"id":179855,"date":"2021-05-17T15:33:19","date_gmt":"2021-05-17T12:33:19","guid":{"rendered":"http:\/\/107.6.182.27\/es\/?p=179855"},"modified":"2023-01-10T14:28:47","modified_gmt":"2023-01-10T12:28:47","slug":"concentracion-contra-el-agresor-israeli-frente-a-la-oficina-de-la-onu-en-damasco-fotos","status":"publish","type":"post","link":"https:\/\/archive.sana.sy\/es\/?p=179855","title":{"rendered":"Concentraci\u00f3n contra el agresor israel\u00ed frente a la Oficina de la ONU en Damasco (+ fotos)"},"content":{"rendered":"<p style=\"text-align: justify;\"><strong><span style=\"color: #800000;\">Damasco, SANA<\/span><\/strong><\/p>\n<p style=\"text-align: justify;\">Las agrupaciones palestinas en Siria convocaron a una concentraci\u00f3n palestinos frente a la sede de las Naciones Unidas en Damasco, en solidaridad con el pueblo palestino y contra la agresi\u00f3n israel\u00ed y sus masacres.<\/p>\n<p style=\"text-align: justify;\">Los participantes en el acto portaban banderas y pancartas nacionales de Siria y Palestina, y reiteraron el apoyo y solidaridad con el pueblo palestino ante los ataques brutales del ocupante israel\u00ed.<\/p>\n<p style=\"text-align: justify;\">En un mensaje dirigido al Secretario General de las Naciones Unidas, le\u00eddo por el Coordinador del Movimiento Jihad en Siria, Ismail Al-Sindawi (Abu Mujahid), los participantes pidieron levantar el injusto asedio a la Franja de Gaza, levantar las barreras en Cisjordania, y enjuiciar a los l\u00edderes del ente de ocupaci\u00f3n como criminales de guerra.<\/p>\n<p style=\"text-align: justify;\">Tambi\u00e9n, pidi\u00f3 obligar a Israel a reconstruir lo destruido y pagar una indemnizaci\u00f3n a los civiles afectados de la agresi\u00f3n, adem\u00e1s de enviar ayuda urgente al pueblo palestino, cuyas viviendas fueron destruidas.<\/p>\n<p style=\"text-align: justify;\">&#8220;Hemos recibido el mensaje y lo enviaremos al Secretario General de la Naciones Unidas quien hizo un llamamiento hace unos d\u00edas a todas las partes para detener los combates\u201d, declar\u00f3 a los periodistas Francesco Galtieri, director del equipo de la Oficina del Coordinador Residente para Actividades de las Naciones Unidas.<\/p>\n<p style=\"text-align: justify;\"><span style=\"color: #0000ff;\"><strong>fm\/ws<\/strong><\/span><\/p>\n<div id='gallery-1' class='gallery galleryid-179855 gallery-columns-1 gallery-size-full'><figure class='gallery-item'>\n\t\t\t<div class='gallery-icon landscape'>\n\t\t\t\t<a href='https:\/\/archive.sana.sy\/es\/?attachment_id=179857'><img loading=\"lazy\" decoding=\"async\" width=\"1280\" height=\"720\" src=\"https:\/\/archive.sana.sy\/es\/wp-content\/uploads\/2021\/05\/photo_2021-05-17_13-04-23.jpg\" class=\"attachment-full size-full\" alt=\"\" srcset=\"https:\/\/archive.sana.sy\/es\/wp-content\/uploads\/2021\/05\/photo_2021-05-17_13-04-23.jpg 1280w, https:\/\/archive.sana.sy\/es\/wp-content\/uploads\/2021\/05\/photo_2021-05-17_13-04-23-300x169.jpg 300w, https:\/\/archive.sana.sy\/es\/wp-content\/uploads\/2021\/05\/photo_2021-05-17_13-04-23-1024x576.jpg 1024w, https:\/\/archive.sana.sy\/es\/wp-content\/uploads\/2021\/05\/photo_2021-05-17_13-04-23-150x84.jpg 150w, https:\/\/archive.sana.sy\/es\/wp-content\/uploads\/2021\/05\/photo_2021-05-17_13-04-23-768x432.jpg 768w\" sizes=\"(max-width: 1280px) 100vw, 1280px\" \/><\/a>\n\t\t\t<\/div><\/figure><figure class='gallery-item'>\n\t\t\t<div class='gallery-icon landscape'>\n\t\t\t\t<a href='https:\/\/archive.sana.sy\/es\/?attachment_id=179858'><img loading=\"lazy\" decoding=\"async\" width=\"1280\" height=\"720\" src=\"https:\/\/archive.sana.sy\/es\/wp-content\/uploads\/2021\/05\/photo_2021-05-17_13-04-24.jpg\" class=\"attachment-full size-full\" alt=\"\" srcset=\"https:\/\/archive.sana.sy\/es\/wp-content\/uploads\/2021\/05\/photo_2021-05-17_13-04-24.jpg 1280w, https:\/\/archive.sana.sy\/es\/wp-content\/uploads\/2021\/05\/photo_2021-05-17_13-04-24-300x169.jpg 300w, https:\/\/archive.sana.sy\/es\/wp-content\/uploads\/2021\/05\/photo_2021-05-17_13-04-24-1024x576.jpg 1024w, https:\/\/archive.sana.sy\/es\/wp-content\/uploads\/2021\/05\/photo_2021-05-17_13-04-24-150x84.jpg 150w, https:\/\/archive.sana.sy\/es\/wp-content\/uploads\/2021\/05\/photo_2021-05-17_13-04-24-768x432.jpg 768w\" sizes=\"(max-width: 1280px) 100vw, 1280px\" \/><\/a>\n\t\t\t<\/div><\/figure><figure class='gallery-item'>\n\t\t\t<div class='gallery-icon landscape'>\n\t\t\t\t<a href='https:\/\/archive.sana.sy\/es\/?attachment_id=179859'><img loading=\"lazy\" decoding=\"async\" width=\"1280\" height=\"651\" src=\"https:\/\/archive.sana.sy\/es\/wp-content\/uploads\/2021\/05\/photo_2021-05-17_13-04-25.jpg\" class=\"attachment-full size-full\" alt=\"\" srcset=\"https:\/\/archive.sana.sy\/es\/wp-content\/uploads\/2021\/05\/photo_2021-05-17_13-04-25.jpg 1280w, https:\/\/archive.sana.sy\/es\/wp-content\/uploads\/2021\/05\/photo_2021-05-17_13-04-25-300x153.jpg 300w, https:\/\/archive.sana.sy\/es\/wp-content\/uploads\/2021\/05\/photo_2021-05-17_13-04-25-1024x521.jpg 1024w, https:\/\/archive.sana.sy\/es\/wp-content\/uploads\/2021\/05\/photo_2021-05-17_13-04-25-150x76.jpg 150w, https:\/\/archive.sana.sy\/es\/wp-content\/uploads\/2021\/05\/photo_2021-05-17_13-04-25-768x391.jpg 768w\" sizes=\"(max-width: 1280px) 100vw, 1280px\" \/><\/a>\n\t\t\t<\/div><\/figure>\n\t\t<\/div>\n\n<p style=\"text-align: justify;\"><strong><span style=\"color: #0000ff;\">fm\/ws<\/span><\/strong><\/p>\n","protected":false},"excerpt":{"rendered":"<p>Damasco, SANA Las agrupaciones palestinas en Siria convocaron a una concentraci\u00f3n palestinos frente a la sede de las Naciones Unidas en Damasco, en solidaridad con el pueblo palestino y contra la agresi\u00f3n israel\u00ed y sus masacres. Los participantes en el acto portaban banderas y pancartas nacionales de Siria y Palestina, y reiteraron el apoyo y &hellip;<\/p>\n","protected":false},"author":35,"featured_media":179885,"comment_status":"closed","ping_status":"closed","sticky":false,"template":"","format":"standard","meta":{"footnotes":""},"categories":[447,597,476,467,7541],"tags":[],"class_list":["post-179855","post","type-post","status-publish","format-standard","has-post-thumbnail","","category-local-politica","category-cinta-de-noticias","category-locales","category-siria-y-el-mundo","category-ultimas-noticias"],"_links":{"self":[{"href":"https:\/\/archive.sana.sy\/es\/index.php?rest_route=\/wp\/v2\/posts\/179855"}],"collection":[{"href":"https:\/\/archive.sana.sy\/es\/index.php?rest_route=\/wp\/v2\/posts"}],"about":[{"href":"https:\/\/archive.sana.sy\/es\/index.php?rest_route=\/wp\/v2\/types\/post"}],"author":[{"embeddable":true,"href":"https:\/\/archive.sana.sy\/es\/index.php?rest_route=\/wp\/v2\/users\/35"}],"replies":[{"embeddable":true,"href":"https:\/\/archive.sana.sy\/es\/index.php?rest_route=%2Fwp%2Fv2%2Fcomments&post=179855"}],"version-history":[{"count":0,"href":"https:\/\/archive.sana.sy\/es\/index.php?rest_route=\/wp\/v2\/posts\/179855\/revisions"}],"wp:featuredmedia":[{"embeddable":true,"href":"https:\/\/archive.sana.sy\/es\/index.php?rest_route=\/wp\/v2\/media\/179885"}],"wp:attachment":[{"href":"https:\/\/archive.sana.sy\/es\/index.php?rest_route=%2Fwp%2Fv2%2Fmedia&parent=179855"}],"wp:term":[{"taxonomy":"category","embeddable":true,"href":"https:\/\/archive.sana.sy\/es\/index.php?rest_route=%2Fwp%2Fv2%2Fcategories&post=179855"},{"taxonomy":"post_tag","embeddable":true,"href":"https:\/\/archive.sana.sy\/es\/index.php?rest_route=%2Fwp%2Fv2%2Ftags&post=179855"}],"curies":[{"name":"wp","href":"https:\/\/api.w.org\/{rel}","templated":true}]}}