{"id":179862,"date":"2021-05-17T16:41:59","date_gmt":"2021-05-17T13:41:59","guid":{"rendered":"http:\/\/107.6.182.27\/es\/?p=179862"},"modified":"2023-01-10T14:28:46","modified_gmt":"2023-01-10T12:28:46","slug":"embajadas-sirias-concluyen-preparativos-para-recibir-a-sirios-que-votaran-en-elecciones-presidenciales","status":"publish","type":"post","link":"https:\/\/archive.sana.sy\/es\/?p=179862","title":{"rendered":"Embajadas sirias concluyen preparativos para recibir a sirios que votar\u00e1n en elecciones presidenciales"},"content":{"rendered":"<p style=\"text-align: justify;\"><span style=\"color: #800000;\"><strong>Capitales, SANA<\/strong><\/span><\/p>\n<p style=\"text-align: justify;\">Las embajadas de Siria en muchos pa\u00edses del mundo concluyeron sus preparativos para recibir a los ciudadanos sirios residentes en el exterior que a votar en las elecciones presidenciales en la fecha fijada del d\u00eda 20 del mes en curso.<\/p>\n<p style=\"text-align: justify;\">En este sentido, se tomado todas las medidas para garantizar que la comunidad siria en el extranjero ejerza su pleno derecho constitucional y deber nacional.<\/p>\n<p style=\"text-align: justify;\">En Brasil, la Embajada siria en esta naci\u00f3n sudamericana prepar\u00f3 condiciones para esta cita electoral como las urnas y un local para votaci\u00f3n secreta.<\/p>\n<p style=\"text-align: justify;\">A su vez, la embajada de Siria en la capital venezolana, Caracas, adopt\u00f3 todas las medidas necesarias para garantizar un buen desarrollo del proceso electoral.<\/p>\n<p style=\"text-align: justify;\">A pesar de las medidas de cuarentena impuestas en Venezuela para enfrentar la pandemia de Covid-19, pudimos comunicarnos con las autoridades venezolanas para brindar facilidades para que los sirios participen en las elecciones de su pa\u00eds, inform\u00f3 la misi\u00f3n diplom\u00e1tica.<\/p>\n<p style=\"text-align: justify;\">El Presidente de la Asamblea del Pueblo, Hammouda Sabbagh, hab\u00eda anunciados que las elecciones presidenciales se efectuar\u00e1n el pr\u00f3ximo d\u00eda 20 para sirios residentes en el exterior y el d\u00eda 26 dentro de Siria.<\/p>\n<p style=\"text-align: justify;\"><strong><span style=\"color: #0000ff;\">ws\/fm<\/span><\/strong><\/p>\n<p style=\"text-align: justify;\">\n","protected":false},"excerpt":{"rendered":"<p>Capitales, SANA Las embajadas de Siria en muchos pa\u00edses del mundo concluyeron sus preparativos para recibir a los ciudadanos sirios residentes en el exterior que a votar en las elecciones presidenciales en la fecha fijada del d\u00eda 20 del mes en curso. En este sentido, se tomado todas las medidas para garantizar que la comunidad &hellip;<\/p>\n","protected":false},"author":35,"featured_media":179863,"comment_status":"closed","ping_status":"closed","sticky":false,"template":"","format":"standard","meta":{"footnotes":""},"categories":[477,447,597,19009,476,457,467,583,7541],"tags":[],"class_list":["post-179862","post","type-post","status-publish","format-standard","has-post-thumbnail","","category-noticias-edulcorantes","category-local-politica","category-cinta-de-noticias","category-elecciones-presidenciales-2021","category-locales","category-noticias-arabe-internacional-politica","category-siria-y-el-mundo","category-slide","category-ultimas-noticias"],"_links":{"self":[{"href":"https:\/\/archive.sana.sy\/es\/index.php?rest_route=\/wp\/v2\/posts\/179862"}],"collection":[{"href":"https:\/\/archive.sana.sy\/es\/index.php?rest_route=\/wp\/v2\/posts"}],"about":[{"href":"https:\/\/archive.sana.sy\/es\/index.php?rest_route=\/wp\/v2\/types\/post"}],"author":[{"embeddable":true,"href":"https:\/\/archive.sana.sy\/es\/index.php?rest_route=\/wp\/v2\/users\/35"}],"replies":[{"embeddable":true,"href":"https:\/\/archive.sana.sy\/es\/index.php?rest_route=%2Fwp%2Fv2%2Fcomments&post=179862"}],"version-history":[{"count":0,"href":"https:\/\/archive.sana.sy\/es\/index.php?rest_route=\/wp\/v2\/posts\/179862\/revisions"}],"wp:featuredmedia":[{"embeddable":true,"href":"https:\/\/archive.sana.sy\/es\/index.php?rest_route=\/wp\/v2\/media\/179863"}],"wp:attachment":[{"href":"https:\/\/archive.sana.sy\/es\/index.php?rest_route=%2Fwp%2Fv2%2Fmedia&parent=179862"}],"wp:term":[{"taxonomy":"category","embeddable":true,"href":"https:\/\/archive.sana.sy\/es\/index.php?rest_route=%2Fwp%2Fv2%2Fcategories&post=179862"},{"taxonomy":"post_tag","embeddable":true,"href":"https:\/\/archive.sana.sy\/es\/index.php?rest_route=%2Fwp%2Fv2%2Ftags&post=179862"}],"curies":[{"name":"wp","href":"https:\/\/api.w.org\/{rel}","templated":true}]}}