{"id":179875,"date":"2021-05-17T16:26:01","date_gmt":"2021-05-17T13:26:01","guid":{"rendered":"http:\/\/107.6.182.27\/es\/?p=179875"},"modified":"2023-01-10T14:28:47","modified_gmt":"2023-01-10T12:28:47","slug":"festival-de-cosecha-de-la-rosa-de-damasco-en-provincia-de-hama-fotos","status":"publish","type":"post","link":"https:\/\/archive.sana.sy\/es\/?p=179875","title":{"rendered":"Festival de Cosecha de la Rosa de Damasco en provincia de Hama (+ fotos)"},"content":{"rendered":"<p style=\"text-align: justify;\"><strong><span style=\"color: #800000;\">Hama, SANA<\/span><\/strong><\/p>\n<p style=\"text-align: justify;\">Los pobladores de la localidad de Mareen al-Saleb en el oeste de la provincia de Hama celebraron hoy el Festival de Cosecha de la Rosa de Damasco bajo el lema \u201cFragancia siria para la humanidad\u201d.<\/p>\n<p style=\"text-align: justify;\">El festivales organizado por la Direcci\u00f3n de Patrimonio Inmaterial del Ministerio de Cultura y la Direcci\u00f3n de Cultura de Hama en cooperaci\u00f3n con la Secretaria Siria para el Desarrollo.<\/p>\n<p style=\"text-align: justify;\"><img loading=\"lazy\" decoding=\"async\" class=\"size-medium wp-image-179876 alignleft\" src=\"http:\/\/107.6.182.27\/es\/wp-content\/uploads\/2021\/05\/15-70-300x182.jpg\" alt=\"\" width=\"300\" height=\"182\" srcset=\"https:\/\/archive.sana.sy\/es\/wp-content\/uploads\/2021\/05\/15-70-300x182.jpg 300w, https:\/\/archive.sana.sy\/es\/wp-content\/uploads\/2021\/05\/15-70-150x91.jpg 150w, https:\/\/archive.sana.sy\/es\/wp-content\/uploads\/2021\/05\/15-70.jpg 660w\" sizes=\"(max-width: 300px) 100vw, 300px\" \/>En declaraciones a los periodistas, la ministro de Cultura, Lubana Mashouh, destac\u00f3 la importancia del patrimonio inmaterial en la vida de los pueblos al consolidar los valores de ciudadan\u00eda y pertenencia, que pueden invertirse a nivel nacional y mundial en promover el turismo y la identidad nacional.<\/p>\n<p style=\"text-align: justify;\">Se\u00f1al\u00f3 que la Rosa de Damasco es uno de los componentes m\u00e1s destacados de este patrimonio, luego de su inclusi\u00f3n en la lista de patrimonio inmaterial de la UNESCO en 2019, con los esfuerzos de las autoridades oficiales y locales para demostrar el derecho de Siria a este producto que recorri\u00f3 el mundo.<\/p>\n<p style=\"text-align: justify;\">El festival incluy\u00f3 festival de canto tradicional interpretado por una de las mujeres del pueblo con su traje tradicional, adem\u00e1s de la inauguraci\u00f3n de una exposici\u00f3n patrimonial y otra de obras textiles, manuales y artesanales y bienes\u00a0 \u00a0patrimoniales. Tambi\u00e9n, se proyect\u00f3 un video sobre las etapas del cultivo, cuidado y fabricaci\u00f3n de la rosa damascena, y la necesidad de ampliar su cultivo y viabilidad econ\u00f3mica.<\/p>\n<div id='gallery-1' class='gallery galleryid-179875 gallery-columns-1 gallery-size-full'><figure class='gallery-item'>\n\t\t\t<div class='gallery-icon landscape'>\n\t\t\t\t<a href='https:\/\/archive.sana.sy\/es\/wp-content\/uploads\/2021\/05\/26-19.jpg'><img loading=\"lazy\" decoding=\"async\" width=\"660\" height=\"440\" src=\"https:\/\/archive.sana.sy\/es\/wp-content\/uploads\/2021\/05\/26-19.jpg\" class=\"attachment-full size-full\" alt=\"\" srcset=\"https:\/\/archive.sana.sy\/es\/wp-content\/uploads\/2021\/05\/26-19.jpg 660w, https:\/\/archive.sana.sy\/es\/wp-content\/uploads\/2021\/05\/26-19-300x200.jpg 300w, https:\/\/archive.sana.sy\/es\/wp-content\/uploads\/2021\/05\/26-19-150x100.jpg 150w\" sizes=\"(max-width: 660px) 100vw, 660px\" \/><\/a>\n\t\t\t<\/div><\/figure><figure class='gallery-item'>\n\t\t\t<div class='gallery-icon landscape'>\n\t\t\t\t<a href='https:\/\/archive.sana.sy\/es\/wp-content\/uploads\/2021\/05\/25-35.jpg'><img loading=\"lazy\" decoding=\"async\" width=\"660\" height=\"404\" src=\"https:\/\/archive.sana.sy\/es\/wp-content\/uploads\/2021\/05\/25-35.jpg\" class=\"attachment-full size-full\" alt=\"\" srcset=\"https:\/\/archive.sana.sy\/es\/wp-content\/uploads\/2021\/05\/25-35.jpg 660w, https:\/\/archive.sana.sy\/es\/wp-content\/uploads\/2021\/05\/25-35-300x184.jpg 300w, https:\/\/archive.sana.sy\/es\/wp-content\/uploads\/2021\/05\/25-35-150x92.jpg 150w\" sizes=\"(max-width: 660px) 100vw, 660px\" \/><\/a>\n\t\t\t<\/div><\/figure><figure class='gallery-item'>\n\t\t\t<div class='gallery-icon landscape'>\n\t\t\t\t<a href='https:\/\/archive.sana.sy\/es\/wp-content\/uploads\/2021\/05\/24-17.jpg'><img loading=\"lazy\" decoding=\"async\" width=\"660\" height=\"424\" src=\"https:\/\/archive.sana.sy\/es\/wp-content\/uploads\/2021\/05\/24-17.jpg\" class=\"attachment-full size-full\" alt=\"\" srcset=\"https:\/\/archive.sana.sy\/es\/wp-content\/uploads\/2021\/05\/24-17.jpg 660w, https:\/\/archive.sana.sy\/es\/wp-content\/uploads\/2021\/05\/24-17-300x193.jpg 300w, https:\/\/archive.sana.sy\/es\/wp-content\/uploads\/2021\/05\/24-17-150x96.jpg 150w\" sizes=\"(max-width: 660px) 100vw, 660px\" \/><\/a>\n\t\t\t<\/div><\/figure><figure class='gallery-item'>\n\t\t\t<div class='gallery-icon landscape'>\n\t\t\t\t<a href='https:\/\/archive.sana.sy\/es\/wp-content\/uploads\/2021\/05\/23-27.jpg'><img loading=\"lazy\" decoding=\"async\" width=\"660\" height=\"440\" src=\"https:\/\/archive.sana.sy\/es\/wp-content\/uploads\/2021\/05\/23-27.jpg\" class=\"attachment-full size-full\" alt=\"\" srcset=\"https:\/\/archive.sana.sy\/es\/wp-content\/uploads\/2021\/05\/23-27.jpg 660w, https:\/\/archive.sana.sy\/es\/wp-content\/uploads\/2021\/05\/23-27-300x200.jpg 300w, https:\/\/archive.sana.sy\/es\/wp-content\/uploads\/2021\/05\/23-27-150x100.jpg 150w\" sizes=\"(max-width: 660px) 100vw, 660px\" \/><\/a>\n\t\t\t<\/div><\/figure><figure class='gallery-item'>\n\t\t\t<div class='gallery-icon landscape'>\n\t\t\t\t<a href='https:\/\/archive.sana.sy\/es\/wp-content\/uploads\/2021\/05\/21-52.jpg'><img loading=\"lazy\" decoding=\"async\" width=\"660\" height=\"440\" src=\"https:\/\/archive.sana.sy\/es\/wp-content\/uploads\/2021\/05\/21-52.jpg\" class=\"attachment-full size-full\" alt=\"\" srcset=\"https:\/\/archive.sana.sy\/es\/wp-content\/uploads\/2021\/05\/21-52.jpg 660w, https:\/\/archive.sana.sy\/es\/wp-content\/uploads\/2021\/05\/21-52-300x200.jpg 300w, https:\/\/archive.sana.sy\/es\/wp-content\/uploads\/2021\/05\/21-52-150x100.jpg 150w\" sizes=\"(max-width: 660px) 100vw, 660px\" \/><\/a>\n\t\t\t<\/div><\/figure>\n\t\t<\/div>\n\n<p style=\"text-align: justify;\"><span style=\"color: #0000ff;\"><strong>fm<\/strong><\/span><\/p>\n","protected":false},"excerpt":{"rendered":"<p>Hama, SANA Los pobladores de la localidad de Mareen al-Saleb en el oeste de la provincia de Hama celebraron hoy el Festival de Cosecha de la Rosa de Damasco bajo el lema \u201cFragancia siria para la humanidad\u201d. El festivales organizado por la Direcci\u00f3n de Patrimonio Inmaterial del Ministerio de Cultura y la Direcci\u00f3n de Cultura &hellip;<\/p>\n","protected":false},"author":34,"featured_media":179880,"comment_status":"closed","ping_status":"closed","sticky":false,"template":"","format":"standard","meta":{"footnotes":""},"categories":[447,477,597,510,476,457,515,7541],"tags":[],"class_list":["post-179875","post","type-post","status-publish","format-standard","has-post-thumbnail","","category-local-politica","category-noticias-edulcorantes","category-cinta-de-noticias","category-arte-y-cultura","category-locales","category-noticias-arabe-internacional-politica","category-noticias-arte-y-cultura","category-ultimas-noticias"],"_links":{"self":[{"href":"https:\/\/archive.sana.sy\/es\/index.php?rest_route=\/wp\/v2\/posts\/179875"}],"collection":[{"href":"https:\/\/archive.sana.sy\/es\/index.php?rest_route=\/wp\/v2\/posts"}],"about":[{"href":"https:\/\/archive.sana.sy\/es\/index.php?rest_route=\/wp\/v2\/types\/post"}],"author":[{"embeddable":true,"href":"https:\/\/archive.sana.sy\/es\/index.php?rest_route=\/wp\/v2\/users\/34"}],"replies":[{"embeddable":true,"href":"https:\/\/archive.sana.sy\/es\/index.php?rest_route=%2Fwp%2Fv2%2Fcomments&post=179875"}],"version-history":[{"count":0,"href":"https:\/\/archive.sana.sy\/es\/index.php?rest_route=\/wp\/v2\/posts\/179875\/revisions"}],"wp:featuredmedia":[{"embeddable":true,"href":"https:\/\/archive.sana.sy\/es\/index.php?rest_route=\/wp\/v2\/media\/179880"}],"wp:attachment":[{"href":"https:\/\/archive.sana.sy\/es\/index.php?rest_route=%2Fwp%2Fv2%2Fmedia&parent=179875"}],"wp:term":[{"taxonomy":"category","embeddable":true,"href":"https:\/\/archive.sana.sy\/es\/index.php?rest_route=%2Fwp%2Fv2%2Fcategories&post=179875"},{"taxonomy":"post_tag","embeddable":true,"href":"https:\/\/archive.sana.sy\/es\/index.php?rest_route=%2Fwp%2Fv2%2Ftags&post=179875"}],"curies":[{"name":"wp","href":"https:\/\/api.w.org\/{rel}","templated":true}]}}