{"id":179911,"date":"2021-05-17T14:46:57","date_gmt":"2021-05-17T11:46:57","guid":{"rendered":"http:\/\/107.6.182.27\/es\/?p=179911"},"modified":"2021-05-17T19:33:40","modified_gmt":"2021-05-17T16:33:40","slug":"subcomisiones-judiciales-ultiman-preparativos-para-elecciones-presidenciales","status":"publish","type":"post","link":"https:\/\/archive.sana.sy\/es\/?p=179911","title":{"rendered":"Subcomisiones Judiciales ultiman preparativos para elecciones presidenciales"},"content":{"rendered":"<p><span style=\"color: #800000;\">Damasco, SANA<\/span><\/p>\n<p style=\"text-align: justify;\">Los jefes y miembros de las comisiones electorales en todas las provincias sirias comenzaron la prestaci\u00f3n del juramento legal estipulado en la Ley General de Elecciones, ante las Subcomisiones Judiciales, como parte de los preparativos para las elecciones presidenciales del pr\u00f3ximo d\u00eda 26.<\/p>\n<p style=\"text-align: justify;\">El juez Mukhles Qaisiya, miembro de la Comisi\u00f3n Judicial Suprema de Elecciones, declar\u00f3 a SANA que las subcomisiones en cada provincia incluyen tres jueces de la Corte de Apelaciones y funcionan bajo la direcci\u00f3n de la Comisi\u00f3n Judicial Suprema, en coordinaci\u00f3n con el gobernador o jefe de la localidad para preparar los centros electorales.<\/p>\n<p style=\"text-align: justify;\">Se\u00f1al\u00f3 que las urnas en todas las provincias est\u00e1n totalmente equipadas y que la Comisi\u00f3n est\u00e1 en plena alerta para implementar el derecho constitucional de forma \u00f3ptima.<\/p>\n<p><span style=\"color: #0000ff;\">rr\/fm<\/span><\/p>\n","protected":false},"excerpt":{"rendered":"<p>Damasco, SANA Los jefes y miembros de las comisiones electorales en todas las provincias sirias comenzaron la prestaci\u00f3n del juramento legal estipulado en la Ley General de Elecciones, ante las Subcomisiones Judiciales, como parte de los preparativos para las elecciones presidenciales del pr\u00f3ximo d\u00eda 26. El juez Mukhles Qaisiya, miembro de la Comisi\u00f3n Judicial Suprema &hellip;<\/p>\n","protected":false},"author":31,"featured_media":178972,"comment_status":"closed","ping_status":"closed","sticky":false,"template":"","format":"standard","meta":{"footnotes":""},"categories":[597,19009,476,7541],"tags":[],"class_list":["post-179911","post","type-post","status-publish","format-standard","has-post-thumbnail","","category-cinta-de-noticias","category-elecciones-presidenciales-2021","category-locales","category-ultimas-noticias"],"_links":{"self":[{"href":"https:\/\/archive.sana.sy\/es\/index.php?rest_route=\/wp\/v2\/posts\/179911"}],"collection":[{"href":"https:\/\/archive.sana.sy\/es\/index.php?rest_route=\/wp\/v2\/posts"}],"about":[{"href":"https:\/\/archive.sana.sy\/es\/index.php?rest_route=\/wp\/v2\/types\/post"}],"author":[{"embeddable":true,"href":"https:\/\/archive.sana.sy\/es\/index.php?rest_route=\/wp\/v2\/users\/31"}],"replies":[{"embeddable":true,"href":"https:\/\/archive.sana.sy\/es\/index.php?rest_route=%2Fwp%2Fv2%2Fcomments&post=179911"}],"version-history":[{"count":0,"href":"https:\/\/archive.sana.sy\/es\/index.php?rest_route=\/wp\/v2\/posts\/179911\/revisions"}],"wp:featuredmedia":[{"embeddable":true,"href":"https:\/\/archive.sana.sy\/es\/index.php?rest_route=\/wp\/v2\/media\/178972"}],"wp:attachment":[{"href":"https:\/\/archive.sana.sy\/es\/index.php?rest_route=%2Fwp%2Fv2%2Fmedia&parent=179911"}],"wp:term":[{"taxonomy":"category","embeddable":true,"href":"https:\/\/archive.sana.sy\/es\/index.php?rest_route=%2Fwp%2Fv2%2Fcategories&post=179911"},{"taxonomy":"post_tag","embeddable":true,"href":"https:\/\/archive.sana.sy\/es\/index.php?rest_route=%2Fwp%2Fv2%2Ftags&post=179911"}],"curies":[{"name":"wp","href":"https:\/\/api.w.org\/{rel}","templated":true}]}}