{"id":179950,"date":"2021-05-17T20:58:26","date_gmt":"2021-05-17T17:58:26","guid":{"rendered":"http:\/\/107.6.182.27\/es\/?p=179950"},"modified":"2023-01-10T15:14:17","modified_gmt":"2023-01-10T13:14:17","slug":"provincia-de-deraa-produciria-17-mil-toneladas-de-trigo","status":"publish","type":"post","link":"https:\/\/archive.sana.sy\/es\/?p=179950","title":{"rendered":"Provincia de Deraa producir\u00eda 17 mil toneladas de trigo"},"content":{"rendered":"<p><span style=\"color: #800000;\">Deraa, SANA<\/span><\/p>\n<p style=\"text-align: justify;\">La sucursal de la Empresa Estatal de Cereales en la provincia sure\u00f1a de Deraa estim\u00f3 que recibir\u00eda de los agricultores en la presente temporada unas 17 mil toneladas de trigo y alrededor de 300 toneladas de cebada.<\/p>\n<p style=\"text-align: justify;\">Seg\u00fan director provincial de la empresa, Mufid Al-Farwan, dijo a SANA que los almacenes, laboratorios y el personal t\u00e9cnico est\u00e1n en plena disposici\u00f3n para recibir el cultivo.<\/p>\n<p style=\"text-align: justify;\">La sucursal puso un plan para producir en la actual temporada 16 mil toneladas de semillas de trigo y mil toneladas de semillas de cebada.<\/p>\n<p><span style=\"color: #0000ff;\">fm\/rr<\/span><\/p>\n","protected":false},"excerpt":{"rendered":"<p>Deraa, SANA La sucursal de la Empresa Estatal de Cereales en la provincia sure\u00f1a de Deraa estim\u00f3 que recibir\u00eda de los agricultores en la presente temporada unas 17 mil toneladas de trigo y alrededor de 300 toneladas de cebada. Seg\u00fan director provincial de la empresa, Mufid Al-Farwan, dijo a SANA que los almacenes, laboratorios y &hellip;<\/p>\n","protected":false},"author":31,"featured_media":179951,"comment_status":"closed","ping_status":"closed","sticky":false,"template":"","format":"standard","meta":{"footnotes":""},"categories":[597,16686,485,476],"tags":[],"class_list":["post-179950","post","type-post","status-publish","format-standard","has-post-thumbnail","","category-cinta-de-noticias","category-economia","category-informes-negocios-y-finanzas","category-locales"],"_links":{"self":[{"href":"https:\/\/archive.sana.sy\/es\/index.php?rest_route=\/wp\/v2\/posts\/179950"}],"collection":[{"href":"https:\/\/archive.sana.sy\/es\/index.php?rest_route=\/wp\/v2\/posts"}],"about":[{"href":"https:\/\/archive.sana.sy\/es\/index.php?rest_route=\/wp\/v2\/types\/post"}],"author":[{"embeddable":true,"href":"https:\/\/archive.sana.sy\/es\/index.php?rest_route=\/wp\/v2\/users\/31"}],"replies":[{"embeddable":true,"href":"https:\/\/archive.sana.sy\/es\/index.php?rest_route=%2Fwp%2Fv2%2Fcomments&post=179950"}],"version-history":[{"count":0,"href":"https:\/\/archive.sana.sy\/es\/index.php?rest_route=\/wp\/v2\/posts\/179950\/revisions"}],"wp:featuredmedia":[{"embeddable":true,"href":"https:\/\/archive.sana.sy\/es\/index.php?rest_route=\/wp\/v2\/media\/179951"}],"wp:attachment":[{"href":"https:\/\/archive.sana.sy\/es\/index.php?rest_route=%2Fwp%2Fv2%2Fmedia&parent=179950"}],"wp:term":[{"taxonomy":"category","embeddable":true,"href":"https:\/\/archive.sana.sy\/es\/index.php?rest_route=%2Fwp%2Fv2%2Fcategories&post=179950"},{"taxonomy":"post_tag","embeddable":true,"href":"https:\/\/archive.sana.sy\/es\/index.php?rest_route=%2Fwp%2Fv2%2Ftags&post=179950"}],"curies":[{"name":"wp","href":"https:\/\/api.w.org\/{rel}","templated":true}]}}