{"id":18000,"date":"2015-02-16T13:20:02","date_gmt":"2015-02-16T11:20:02","guid":{"rendered":"http:\/\/www.sana.sy\/es\/?p=18000"},"modified":"2015-02-16T13:32:35","modified_gmt":"2015-02-16T11:32:35","slug":"vicecanciller-irani-el-pueblo-sirio-es-quien-determina-su-propio-futuro","status":"publish","type":"post","link":"https:\/\/archive.sana.sy\/es\/?p=18000","title":{"rendered":"Vicecanciller iran\u00ed: el pueblo sirio es quien determina su propio futuro"},"content":{"rendered":"<p><span style=\"color: #ff0000\">Teher\u00e1n, SANA<\/span><\/p>\n<p>El vicecanciller iran\u00ed, Hossein Amir Abdullahian afirm\u00f3 que el pueblo sirio es quien determina su propio futuro, alabando a la vez los \u00faltimos avances logrados por el ej\u00e9rcito sirio, particularmente en la regi\u00f3n sur.<\/p>\n<p>Estas declaraciones fueron concedidas durante una reuni\u00f3n celebrada ayer entre el alto pol\u00edtico iran\u00ed y una delegaci\u00f3n medi\u00e1tica siria integrada del Presidente de la Uni\u00f3n de Periodistas sirio junto con representantes de medios de comunicaci\u00f3n sirios, quienes se encontraron de visita a Teher\u00e1n a fin de participar en las celebraciones del 36 aniversario de la victoria de la Revoluci\u00f3n Isl\u00e1mica iran\u00ed.<\/p>\n<p>Durante la reuni\u00f3n, Abdullahian aludi\u00f3 a la importancia de Siria a nivel regional e internacional, enfatizando que la soluci\u00f3n pol\u00edtica es la \u00fanica salida de la crisis que vive este pa\u00eds.<\/p>\n<p>Asimismo se\u00f1al\u00f3 que la determinaci\u00f3n del presidente Bashar al-Assad del tema de la reconciliaci\u00f3n nacional ha sido un paso trascendente y fruct\u00edfero, ratificando que Siria, pueblo y gobierno, lograr\u00e1 gestionar el proceso pol\u00edtico con toda firmeza de la misma manera que logr\u00f3 luchar contra el terrorismo.<\/p>\n<p>Por su parte, los integrantes de la delegaci\u00f3n siria hicieron una panor\u00e1mica sobre el desarrollo de los acontecimientos en el escenario sirio, resaltando la determinaci\u00f3n de Siria de continuar sus esfuerzos encaminados a luchar contra el terrorismo y garantizar el \u00e9xito de las reconciliaciones locales.<\/p>\n<p>Asimismo pusieron de relieve que Siria apoy\u00f3 la Revoluci\u00f3n Isl\u00e1mica Iran\u00ed desde los primeros momentos de su victoria, a\u00f1adiendo que ambos pueblos sirio e iran\u00ed lucharon codo a codo por los derechos de los pueblos de la regi\u00f3n, especialmente los del pueblo palestino.<\/p>\n<p><span style=\"color: #00ccff\">Lynn A., Hala B.<\/span><\/p>\n","protected":false},"excerpt":{"rendered":"<p>Teher\u00e1n, SANA El vicecanciller iran\u00ed, Hossein Amir Abdullahian afirm\u00f3 que el pueblo sirio es quien determina su propio futuro, alabando a la vez los \u00faltimos avances logrados por el ej\u00e9rcito sirio, particularmente en la regi\u00f3n sur. Estas declaraciones fueron concedidas durante una reuni\u00f3n celebrada ayer entre el alto pol\u00edtico iran\u00ed y una delegaci\u00f3n medi\u00e1tica siria &hellip;<\/p>\n","protected":false},"author":1,"featured_media":18001,"comment_status":"closed","ping_status":"closed","sticky":false,"template":"","format":"standard","meta":{"footnotes":""},"categories":[456],"tags":[4087],"class_list":["post-18000","post","type-post","status-publish","format-standard","has-post-thumbnail","","category-arabe-internacional-politica","tag-vicecanciller-irani-el-pueblo-sirio-es-quien-determina-su-propio-futuro"],"_links":{"self":[{"href":"https:\/\/archive.sana.sy\/es\/index.php?rest_route=\/wp\/v2\/posts\/18000"}],"collection":[{"href":"https:\/\/archive.sana.sy\/es\/index.php?rest_route=\/wp\/v2\/posts"}],"about":[{"href":"https:\/\/archive.sana.sy\/es\/index.php?rest_route=\/wp\/v2\/types\/post"}],"author":[{"embeddable":true,"href":"https:\/\/archive.sana.sy\/es\/index.php?rest_route=\/wp\/v2\/users\/1"}],"replies":[{"embeddable":true,"href":"https:\/\/archive.sana.sy\/es\/index.php?rest_route=%2Fwp%2Fv2%2Fcomments&post=18000"}],"version-history":[{"count":0,"href":"https:\/\/archive.sana.sy\/es\/index.php?rest_route=\/wp\/v2\/posts\/18000\/revisions"}],"wp:featuredmedia":[{"embeddable":true,"href":"https:\/\/archive.sana.sy\/es\/index.php?rest_route=\/wp\/v2\/media\/18001"}],"wp:attachment":[{"href":"https:\/\/archive.sana.sy\/es\/index.php?rest_route=%2Fwp%2Fv2%2Fmedia&parent=18000"}],"wp:term":[{"taxonomy":"category","embeddable":true,"href":"https:\/\/archive.sana.sy\/es\/index.php?rest_route=%2Fwp%2Fv2%2Fcategories&post=18000"},{"taxonomy":"post_tag","embeddable":true,"href":"https:\/\/archive.sana.sy\/es\/index.php?rest_route=%2Fwp%2Fv2%2Ftags&post=18000"}],"curies":[{"name":"wp","href":"https:\/\/api.w.org\/{rel}","templated":true}]}}