{"id":180017,"date":"2021-05-18T13:29:26","date_gmt":"2021-05-18T10:29:26","guid":{"rendered":"http:\/\/107.6.182.27\/es\/?p=180017"},"modified":"2023-01-10T15:09:26","modified_gmt":"2023-01-10T13:09:26","slug":"conversaciones-sirio-iranies-para-impulsar-la-cooperacion-comercial-e-industrial","status":"publish","type":"post","link":"https:\/\/archive.sana.sy\/es\/?p=180017","title":{"rendered":"Conversaciones sirio-iran\u00edes para impulsar la cooperaci\u00f3n comercial e industrial"},"content":{"rendered":"<p style=\"text-align: justify;\"><span style=\"color: #800000;\"><strong>Teher\u00e1n, SANA<\/strong><\/span><\/p>\n<p style=\"text-align: justify;\">Una delegaci\u00f3n econ\u00f3mica siria sostuvo conversaciones con el general Hashmati Pour, director de la Corporaci\u00f3n AITCA para Industrias Alimentarias e Industrias Transformacionales de Ir\u00e1n.<\/p>\n<p style=\"text-align: justify;\">Las charlas abordaron las v\u00edas para fortalecer las relaciones de cooperaci\u00f3n econ\u00f3mica entre los dos pa\u00edses.<\/p>\n<p style=\"text-align: justify;\">Hashmati Pour explic\u00f3 detalladamente los productos b\u00e1sicos ofrecidos en las sucursales comerciales de su corporaci\u00f3n y que podr\u00edan servir para establecer el mismo modelo en Siria.<\/p>\n<p style=\"text-align: justify;\">La delegaci\u00f3n siria incluy\u00f3 al Viceministro de Comercio Interior y Protecci\u00f3n del Consumidor, Jamal Al-Din Shuaib, el Viceministro de Industria, Jamal Al-Omar, el Director General de la Empresa de Comercio de Siria, Ahmed Negm, y el Gerente de la Empresa de Industrias Textiles, Haris Makhlouf,<\/p>\n<p style=\"text-align: justify;\">El Viceministro de Comercio Interior coment\u00f3 al corresponsal de SANA en Teher\u00e1n que \u201cel Ministerio de Comercio y Protecci\u00f3n al Consumidor hizo una propuesta de cooperaci\u00f3n entre AITCA y la Empresa Siria de Comercio para exportar algunos productos alimenticios que la parte iran\u00ed necesita y exportar materiales que la parte siria necesita, en particular los alimentos como el az\u00facar, el aceite de girasol, el arroz y el at\u00fan\u201d.<\/p>\n<p style=\"text-align: justify;\">Por su parte, el Viceministro de Industria coment\u00f3 que \u201cse presentaron \u00e1reas de cooperaci\u00f3n entre los dos pa\u00edses para transferir tecnolog\u00eda y beneficiarse de la experiencia iran\u00ed en el campo de la industria y las tecnolog\u00edas, adem\u00e1s de discutir algunos proyectos que fueron presentados anteriormente entre las dos partes, especialmente en el campo del establecimiento de una planta de bater\u00edas, as\u00ed como las l\u00edneas de producci\u00f3n de embotellado de agua mineral\u201d.<\/p>\n<p style=\"text-align: justify;\">Explic\u00f3 que la parte iran\u00ed ofreci\u00f3 suministrar algunas de las materias primas que no est\u00e1n disponibles para las f\u00e1bricas en Siria.<\/p>\n<p><strong><span style=\"color: #0000ff;\">fm\/ed<\/span><\/strong><\/p>\n","protected":false},"excerpt":{"rendered":"<p>Teher\u00e1n, SANA Una delegaci\u00f3n econ\u00f3mica siria sostuvo conversaciones con el general Hashmati Pour, director de la Corporaci\u00f3n AITCA para Industrias Alimentarias e Industrias Transformacionales de Ir\u00e1n. Las charlas abordaron las v\u00edas para fortalecer las relaciones de cooperaci\u00f3n econ\u00f3mica entre los dos pa\u00edses. Hashmati Pour explic\u00f3 detalladamente los productos b\u00e1sicos ofrecidos en las sucursales comerciales de &hellip;<\/p>\n","protected":false},"author":32,"featured_media":180018,"comment_status":"closed","ping_status":"closed","sticky":false,"template":"","format":"standard","meta":{"footnotes":""},"categories":[597,485,467,7541],"tags":[],"class_list":["post-180017","post","type-post","status-publish","format-standard","has-post-thumbnail","","category-cinta-de-noticias","category-informes-negocios-y-finanzas","category-siria-y-el-mundo","category-ultimas-noticias"],"_links":{"self":[{"href":"https:\/\/archive.sana.sy\/es\/index.php?rest_route=\/wp\/v2\/posts\/180017"}],"collection":[{"href":"https:\/\/archive.sana.sy\/es\/index.php?rest_route=\/wp\/v2\/posts"}],"about":[{"href":"https:\/\/archive.sana.sy\/es\/index.php?rest_route=\/wp\/v2\/types\/post"}],"author":[{"embeddable":true,"href":"https:\/\/archive.sana.sy\/es\/index.php?rest_route=\/wp\/v2\/users\/32"}],"replies":[{"embeddable":true,"href":"https:\/\/archive.sana.sy\/es\/index.php?rest_route=%2Fwp%2Fv2%2Fcomments&post=180017"}],"version-history":[{"count":0,"href":"https:\/\/archive.sana.sy\/es\/index.php?rest_route=\/wp\/v2\/posts\/180017\/revisions"}],"wp:featuredmedia":[{"embeddable":true,"href":"https:\/\/archive.sana.sy\/es\/index.php?rest_route=\/wp\/v2\/media\/180018"}],"wp:attachment":[{"href":"https:\/\/archive.sana.sy\/es\/index.php?rest_route=%2Fwp%2Fv2%2Fmedia&parent=180017"}],"wp:term":[{"taxonomy":"category","embeddable":true,"href":"https:\/\/archive.sana.sy\/es\/index.php?rest_route=%2Fwp%2Fv2%2Fcategories&post=180017"},{"taxonomy":"post_tag","embeddable":true,"href":"https:\/\/archive.sana.sy\/es\/index.php?rest_route=%2Fwp%2Fv2%2Ftags&post=180017"}],"curies":[{"name":"wp","href":"https:\/\/api.w.org\/{rel}","templated":true}]}}