{"id":180049,"date":"2021-05-18T19:11:32","date_gmt":"2021-05-18T16:11:32","guid":{"rendered":"http:\/\/107.6.182.27\/es\/?p=180049"},"modified":"2023-01-10T15:14:17","modified_gmt":"2023-01-10T13:14:17","slug":"comite-mixto-sirio-abjasio-celebra-su-primera-sesion-en-damasco","status":"publish","type":"post","link":"https:\/\/archive.sana.sy\/es\/?p=180049","title":{"rendered":"Comit\u00e9 mixto sirio-abjasio celebra su primera sesi\u00f3n en Damasco"},"content":{"rendered":"<p style=\"text-align: justify;\"><span style=\"color: #800000;\">Damasco, SANA<\/span><\/p>\n<p style=\"text-align: justify;\">El Comit\u00e9 mixto sirio-abjasio para la cooperaci\u00f3n econ\u00f3mica, comercial, cient\u00edfica y cultural sostuvo su primera sesi\u00f3n que cont\u00f3 con la asistencia del Primer Ministro sirio, Hossein Arnous y el presidente de Abjasia, Asl\u00e1n Bzhania.<\/p>\n<p style=\"text-align: justify;\">El jefe del Gabinete sirio destac\u00f3 la importancia de que ambos pa\u00edses redoblen esfuerzos para poder hacer cara a los retos destinados a socavar su decisi\u00f3n nacional y soberana.<\/p>\n<p style=\"text-align: justify;\">Subray\u00f3 la necesidad de apoyar los proyectos de inversiones e intercambio comercial entre los sectores gubernamentales y privados de ambos pa\u00edses en los campos agr\u00edcola, industrial y tur\u00edstico, as\u00ed como asegurar los canales de transporte mar\u00edtimo y a\u00e9reo adecuados para vincular las dos econom\u00edas y facilitar el proceso de intercambio comercial.<\/p>\n<p style=\"text-align: justify;\">A su vez, el mandatario abjasio enfatiz\u00f3 que las medidas coercitivas aplicadas contra Siria y Abjasia contribuir\u00e1n a impulsar y afianzar las relaciones de cooperaci\u00f3n binacionales.<\/p>\n<p style=\"text-align: justify;\">Durante la reuni\u00f3n fueron abordadas las v\u00edas de fortalecer la cooperaci\u00f3n en materia cultural, tur\u00edstica, educativa, agr\u00edcola y de transporte mar\u00edtimo.<\/p>\n<p style=\"text-align: justify;\">En este contexto, el ministro de Econom\u00eda y Comercio Exterior de Siria, Mohamad Samer al-Khalil, revel\u00f3 que una comitiva de empresarios sirios arribar\u00e1 a Abjasia a finales del mes de junio, adem\u00e1s de preparativos para establecer una feria de los productos sirios en el pa\u00eds amigo.<\/p>\n<p style=\"text-align: justify;\">Al concluir la reuni\u00f3n, se suscribi\u00f3 el protocolo de las reuniones de la primera sesi\u00f3n del Comit\u00e9 mixto sirio-abjasio, adem\u00e1s de un acuerdo de cooperaci\u00f3n entre los puertos sirio y abjasio, y otro en el campo tur\u00edstico.<\/p>\n<div id='gallery-1' class='gallery galleryid-180049 gallery-columns-1 gallery-size-large'><figure class='gallery-item'>\n\t\t\t<div class='gallery-icon landscape'>\n\t\t\t\t<a href='https:\/\/archive.sana.sy\/es\/wp-content\/uploads\/2021\/05\/MHM_3834-scaled.jpg'><img loading=\"lazy\" decoding=\"async\" width=\"618\" height=\"403\" src=\"https:\/\/archive.sana.sy\/es\/wp-content\/uploads\/2021\/05\/MHM_3834-1024x667.jpg\" class=\"attachment-large size-large\" alt=\"\" srcset=\"https:\/\/archive.sana.sy\/es\/wp-content\/uploads\/2021\/05\/MHM_3834-1024x667.jpg 1024w, https:\/\/archive.sana.sy\/es\/wp-content\/uploads\/2021\/05\/MHM_3834-300x195.jpg 300w, https:\/\/archive.sana.sy\/es\/wp-content\/uploads\/2021\/05\/MHM_3834-150x98.jpg 150w, https:\/\/archive.sana.sy\/es\/wp-content\/uploads\/2021\/05\/MHM_3834-768x500.jpg 768w, https:\/\/archive.sana.sy\/es\/wp-content\/uploads\/2021\/05\/MHM_3834-1536x1001.jpg 1536w, https:\/\/archive.sana.sy\/es\/wp-content\/uploads\/2021\/05\/MHM_3834-2048x1334.jpg 2048w\" sizes=\"(max-width: 618px) 100vw, 618px\" \/><\/a>\n\t\t\t<\/div><\/figure><figure class='gallery-item'>\n\t\t\t<div class='gallery-icon landscape'>\n\t\t\t\t<a href='https:\/\/archive.sana.sy\/es\/wp-content\/uploads\/2021\/05\/MHM_3916-scaled.jpg'><img loading=\"lazy\" decoding=\"async\" width=\"618\" height=\"412\" src=\"https:\/\/archive.sana.sy\/es\/wp-content\/uploads\/2021\/05\/MHM_3916-1024x682.jpg\" class=\"attachment-large size-large\" alt=\"\" srcset=\"https:\/\/archive.sana.sy\/es\/wp-content\/uploads\/2021\/05\/MHM_3916-1024x682.jpg 1024w, https:\/\/archive.sana.sy\/es\/wp-content\/uploads\/2021\/05\/MHM_3916-300x200.jpg 300w, https:\/\/archive.sana.sy\/es\/wp-content\/uploads\/2021\/05\/MHM_3916-150x100.jpg 150w, https:\/\/archive.sana.sy\/es\/wp-content\/uploads\/2021\/05\/MHM_3916-768x511.jpg 768w, https:\/\/archive.sana.sy\/es\/wp-content\/uploads\/2021\/05\/MHM_3916-1536x1022.jpg 1536w, https:\/\/archive.sana.sy\/es\/wp-content\/uploads\/2021\/05\/MHM_3916-2048x1363.jpg 2048w\" sizes=\"(max-width: 618px) 100vw, 618px\" \/><\/a>\n\t\t\t<\/div><\/figure><figure class='gallery-item'>\n\t\t\t<div class='gallery-icon landscape'>\n\t\t\t\t<a href='https:\/\/archive.sana.sy\/es\/wp-content\/uploads\/2021\/05\/MHM_4005-scaled.jpg'><img loading=\"lazy\" decoding=\"async\" width=\"618\" height=\"390\" src=\"https:\/\/archive.sana.sy\/es\/wp-content\/uploads\/2021\/05\/MHM_4005-1024x646.jpg\" class=\"attachment-large size-large\" alt=\"\" srcset=\"https:\/\/archive.sana.sy\/es\/wp-content\/uploads\/2021\/05\/MHM_4005-1024x646.jpg 1024w, https:\/\/archive.sana.sy\/es\/wp-content\/uploads\/2021\/05\/MHM_4005-300x189.jpg 300w, https:\/\/archive.sana.sy\/es\/wp-content\/uploads\/2021\/05\/MHM_4005-150x95.jpg 150w, https:\/\/archive.sana.sy\/es\/wp-content\/uploads\/2021\/05\/MHM_4005-768x485.jpg 768w, https:\/\/archive.sana.sy\/es\/wp-content\/uploads\/2021\/05\/MHM_4005-1536x969.jpg 1536w, https:\/\/archive.sana.sy\/es\/wp-content\/uploads\/2021\/05\/MHM_4005-2048x1293.jpg 2048w\" sizes=\"(max-width: 618px) 100vw, 618px\" \/><\/a>\n\t\t\t<\/div><\/figure><figure class='gallery-item'>\n\t\t\t<div class='gallery-icon landscape'>\n\t\t\t\t<a href='https:\/\/archive.sana.sy\/es\/wp-content\/uploads\/2021\/05\/MHM_4011-scaled.jpg'><img loading=\"lazy\" decoding=\"async\" width=\"618\" height=\"385\" src=\"https:\/\/archive.sana.sy\/es\/wp-content\/uploads\/2021\/05\/MHM_4011-1024x638.jpg\" class=\"attachment-large size-large\" alt=\"\" srcset=\"https:\/\/archive.sana.sy\/es\/wp-content\/uploads\/2021\/05\/MHM_4011-1024x638.jpg 1024w, https:\/\/archive.sana.sy\/es\/wp-content\/uploads\/2021\/05\/MHM_4011-300x187.jpg 300w, https:\/\/archive.sana.sy\/es\/wp-content\/uploads\/2021\/05\/MHM_4011-150x93.jpg 150w, https:\/\/archive.sana.sy\/es\/wp-content\/uploads\/2021\/05\/MHM_4011-768x478.jpg 768w, https:\/\/archive.sana.sy\/es\/wp-content\/uploads\/2021\/05\/MHM_4011-1536x956.jpg 1536w, https:\/\/archive.sana.sy\/es\/wp-content\/uploads\/2021\/05\/MHM_4011-2048x1275.jpg 2048w\" sizes=\"(max-width: 618px) 100vw, 618px\" \/><\/a>\n\t\t\t<\/div><\/figure><figure class='gallery-item'>\n\t\t\t<div class='gallery-icon landscape'>\n\t\t\t\t<a href='https:\/\/archive.sana.sy\/es\/wp-content\/uploads\/2021\/05\/MHM_4088-scaled.jpg'><img loading=\"lazy\" decoding=\"async\" width=\"618\" height=\"403\" src=\"https:\/\/archive.sana.sy\/es\/wp-content\/uploads\/2021\/05\/MHM_4088-1024x667.jpg\" class=\"attachment-large size-large\" alt=\"\" srcset=\"https:\/\/archive.sana.sy\/es\/wp-content\/uploads\/2021\/05\/MHM_4088-1024x667.jpg 1024w, https:\/\/archive.sana.sy\/es\/wp-content\/uploads\/2021\/05\/MHM_4088-300x196.jpg 300w, https:\/\/archive.sana.sy\/es\/wp-content\/uploads\/2021\/05\/MHM_4088-150x98.jpg 150w, https:\/\/archive.sana.sy\/es\/wp-content\/uploads\/2021\/05\/MHM_4088-768x501.jpg 768w, https:\/\/archive.sana.sy\/es\/wp-content\/uploads\/2021\/05\/MHM_4088-1536x1001.jpg 1536w, https:\/\/archive.sana.sy\/es\/wp-content\/uploads\/2021\/05\/MHM_4088-2048x1335.jpg 2048w\" sizes=\"(max-width: 618px) 100vw, 618px\" \/><\/a>\n\t\t\t<\/div><\/figure><figure class='gallery-item'>\n\t\t\t<div class='gallery-icon landscape'>\n\t\t\t\t<a href='https:\/\/archive.sana.sy\/es\/wp-content\/uploads\/2021\/05\/MHM_4109-scaled.jpg'><img loading=\"lazy\" decoding=\"async\" width=\"618\" height=\"375\" src=\"https:\/\/archive.sana.sy\/es\/wp-content\/uploads\/2021\/05\/MHM_4109-1024x622.jpg\" class=\"attachment-large size-large\" alt=\"\" srcset=\"https:\/\/archive.sana.sy\/es\/wp-content\/uploads\/2021\/05\/MHM_4109-1024x622.jpg 1024w, https:\/\/archive.sana.sy\/es\/wp-content\/uploads\/2021\/05\/MHM_4109-300x182.jpg 300w, https:\/\/archive.sana.sy\/es\/wp-content\/uploads\/2021\/05\/MHM_4109-150x91.jpg 150w, https:\/\/archive.sana.sy\/es\/wp-content\/uploads\/2021\/05\/MHM_4109-768x466.jpg 768w, https:\/\/archive.sana.sy\/es\/wp-content\/uploads\/2021\/05\/MHM_4109-1536x933.jpg 1536w, https:\/\/archive.sana.sy\/es\/wp-content\/uploads\/2021\/05\/MHM_4109-2048x1244.jpg 2048w\" sizes=\"(max-width: 618px) 100vw, 618px\" \/><\/a>\n\t\t\t<\/div><\/figure><figure class='gallery-item'>\n\t\t\t<div class='gallery-icon landscape'>\n\t\t\t\t<a href='https:\/\/archive.sana.sy\/es\/wp-content\/uploads\/2021\/05\/MHM_4127-scaled.jpg'><img loading=\"lazy\" decoding=\"async\" width=\"618\" height=\"405\" src=\"https:\/\/archive.sana.sy\/es\/wp-content\/uploads\/2021\/05\/MHM_4127-1024x671.jpg\" class=\"attachment-large size-large\" alt=\"\" srcset=\"https:\/\/archive.sana.sy\/es\/wp-content\/uploads\/2021\/05\/MHM_4127-1024x671.jpg 1024w, https:\/\/archive.sana.sy\/es\/wp-content\/uploads\/2021\/05\/MHM_4127-300x197.jpg 300w, https:\/\/archive.sana.sy\/es\/wp-content\/uploads\/2021\/05\/MHM_4127-150x98.jpg 150w, https:\/\/archive.sana.sy\/es\/wp-content\/uploads\/2021\/05\/MHM_4127-768x503.jpg 768w, https:\/\/archive.sana.sy\/es\/wp-content\/uploads\/2021\/05\/MHM_4127-1536x1006.jpg 1536w, https:\/\/archive.sana.sy\/es\/wp-content\/uploads\/2021\/05\/MHM_4127-2048x1342.jpg 2048w\" sizes=\"(max-width: 618px) 100vw, 618px\" \/><\/a>\n\t\t\t<\/div><\/figure>\n\t\t<\/div>\n\n<p style=\"text-align: justify;\"><span style=\"color: #0000ff;\"><em><strong>la\/fm<\/strong><\/em><\/span><\/p>\n<p style=\"text-align: justify;\">\n","protected":false},"excerpt":{"rendered":"<p>Damasco, SANA El Comit\u00e9 mixto sirio-abjasio para la cooperaci\u00f3n econ\u00f3mica, comercial, cient\u00edfica y cultural sostuvo su primera sesi\u00f3n que cont\u00f3 con la asistencia del Primer Ministro sirio, Hossein Arnous y el presidente de Abjasia, Asl\u00e1n Bzhania. El jefe del Gabinete sirio destac\u00f3 la importancia de que ambos pa\u00edses redoblen esfuerzos para poder hacer cara a &hellip;<\/p>\n","protected":false},"author":24,"featured_media":180050,"comment_status":"closed","ping_status":"closed","sticky":false,"template":"","format":"standard","meta":{"footnotes":""},"categories":[447,477,597,16686,485,476,457,467,583],"tags":[],"class_list":["post-180049","post","type-post","status-publish","format-standard","has-post-thumbnail","","category-local-politica","category-noticias-edulcorantes","category-cinta-de-noticias","category-economia","category-informes-negocios-y-finanzas","category-locales","category-noticias-arabe-internacional-politica","category-siria-y-el-mundo","category-slide"],"_links":{"self":[{"href":"https:\/\/archive.sana.sy\/es\/index.php?rest_route=\/wp\/v2\/posts\/180049"}],"collection":[{"href":"https:\/\/archive.sana.sy\/es\/index.php?rest_route=\/wp\/v2\/posts"}],"about":[{"href":"https:\/\/archive.sana.sy\/es\/index.php?rest_route=\/wp\/v2\/types\/post"}],"author":[{"embeddable":true,"href":"https:\/\/archive.sana.sy\/es\/index.php?rest_route=\/wp\/v2\/users\/24"}],"replies":[{"embeddable":true,"href":"https:\/\/archive.sana.sy\/es\/index.php?rest_route=%2Fwp%2Fv2%2Fcomments&post=180049"}],"version-history":[{"count":0,"href":"https:\/\/archive.sana.sy\/es\/index.php?rest_route=\/wp\/v2\/posts\/180049\/revisions"}],"wp:featuredmedia":[{"embeddable":true,"href":"https:\/\/archive.sana.sy\/es\/index.php?rest_route=\/wp\/v2\/media\/180050"}],"wp:attachment":[{"href":"https:\/\/archive.sana.sy\/es\/index.php?rest_route=%2Fwp%2Fv2%2Fmedia&parent=180049"}],"wp:term":[{"taxonomy":"category","embeddable":true,"href":"https:\/\/archive.sana.sy\/es\/index.php?rest_route=%2Fwp%2Fv2%2Fcategories&post=180049"},{"taxonomy":"post_tag","embeddable":true,"href":"https:\/\/archive.sana.sy\/es\/index.php?rest_route=%2Fwp%2Fv2%2Ftags&post=180049"}],"curies":[{"name":"wp","href":"https:\/\/api.w.org\/{rel}","templated":true}]}}