{"id":180080,"date":"2021-05-18T21:37:44","date_gmt":"2021-05-18T18:37:44","guid":{"rendered":"http:\/\/107.6.182.27\/es\/?p=180080"},"modified":"2021-05-18T21:37:44","modified_gmt":"2021-05-18T18:37:44","slug":"embajada-de-siria-en-rusia-completa-los-preparativos-para-las-elecciones-presidenciales","status":"publish","type":"post","link":"https:\/\/archive.sana.sy\/es\/?p=180080","title":{"rendered":"Embajada de Siria en Rusia completa los preparativos para las elecciones presidenciales"},"content":{"rendered":"<p><span style=\"color: #800000;\">Mosc\u00fa, SANA<\/span><\/p>\n<p style=\"text-align: justify;\">La Embajada de Siria en Rusia ha completado sus preparativos para las elecciones presidenciales previstas para el 20 de mayo para los ciudadanos residentes en el extranjero.<\/p>\n<p style=\"text-align: justify;\">En declaraciones al corresponsal de SANA en Mosc\u00fa, el embajador, Riad Haddad indic\u00f3 que las puertas de la embajada estar\u00e1n abiertas el pr\u00f3ximo jueves desde las siete de la ma\u00f1ana hasta las siete de la tarde hora local de Mosc\u00fa para recibir a los sirios residentes en Rusia.<\/p>\n<p style=\"text-align: justify;\">El Embajador Haddad se\u00f1al\u00f3 que se han cumplido todas las medidas t\u00e9cnicas, incluida la asignaci\u00f3n de salas secretas para que los votantes emitan su voto libre y democr\u00e1ticamente, adem\u00e1s de tinta secreta y la colocaci\u00f3n de fotograf\u00edas grandes de los tres candidatos en estas elecciones.<\/p>\n<p style=\"text-align: justify;\">Haddad explic\u00f3 que tambi\u00e9n se han tomado todas las medidas necesarias, de conformidad con las leyes rusas, relacionadas con las medidas cautelares contra la pandemia de Covid-19.<\/p>\n<p><em>mm<\/em><\/p>\n","protected":false},"excerpt":{"rendered":"<p>Mosc\u00fa, SANA La Embajada de Siria en Rusia ha completado sus preparativos para las elecciones presidenciales previstas para el 20 de mayo para los ciudadanos residentes en el extranjero. En declaraciones al corresponsal de SANA en Mosc\u00fa, el embajador, Riad Haddad indic\u00f3 que las puertas de la embajada estar\u00e1n abiertas el pr\u00f3ximo jueves desde las &hellip;<\/p>\n","protected":false},"author":36,"featured_media":180081,"comment_status":"closed","ping_status":"closed","sticky":false,"template":"","format":"standard","meta":{"footnotes":""},"categories":[597,467],"tags":[],"class_list":["post-180080","post","type-post","status-publish","format-standard","has-post-thumbnail","","category-cinta-de-noticias","category-siria-y-el-mundo"],"_links":{"self":[{"href":"https:\/\/archive.sana.sy\/es\/index.php?rest_route=\/wp\/v2\/posts\/180080"}],"collection":[{"href":"https:\/\/archive.sana.sy\/es\/index.php?rest_route=\/wp\/v2\/posts"}],"about":[{"href":"https:\/\/archive.sana.sy\/es\/index.php?rest_route=\/wp\/v2\/types\/post"}],"author":[{"embeddable":true,"href":"https:\/\/archive.sana.sy\/es\/index.php?rest_route=\/wp\/v2\/users\/36"}],"replies":[{"embeddable":true,"href":"https:\/\/archive.sana.sy\/es\/index.php?rest_route=%2Fwp%2Fv2%2Fcomments&post=180080"}],"version-history":[{"count":0,"href":"https:\/\/archive.sana.sy\/es\/index.php?rest_route=\/wp\/v2\/posts\/180080\/revisions"}],"wp:featuredmedia":[{"embeddable":true,"href":"https:\/\/archive.sana.sy\/es\/index.php?rest_route=\/wp\/v2\/media\/180081"}],"wp:attachment":[{"href":"https:\/\/archive.sana.sy\/es\/index.php?rest_route=%2Fwp%2Fv2%2Fmedia&parent=180080"}],"wp:term":[{"taxonomy":"category","embeddable":true,"href":"https:\/\/archive.sana.sy\/es\/index.php?rest_route=%2Fwp%2Fv2%2Fcategories&post=180080"},{"taxonomy":"post_tag","embeddable":true,"href":"https:\/\/archive.sana.sy\/es\/index.php?rest_route=%2Fwp%2Fv2%2Ftags&post=180080"}],"curies":[{"name":"wp","href":"https:\/\/api.w.org\/{rel}","templated":true}]}}