{"id":180130,"date":"2021-05-19T10:35:19","date_gmt":"2021-05-19T07:35:19","guid":{"rendered":"http:\/\/107.6.182.27\/es\/?p=180130"},"modified":"2023-01-12T14:41:15","modified_gmt":"2023-01-12T12:41:15","slug":"tres-palestinos-mueren-por-nuevas-agresiones-israelies-contra-gaza","status":"publish","type":"post","link":"https:\/\/archive.sana.sy\/es\/?p=180130","title":{"rendered":"Tres palestinos mueren por nuevas agresiones israel\u00edes contra Gaza"},"content":{"rendered":"<p style=\"text-align: justify;\"><strong><span style=\"color: #800000;\">Jerusal\u00e9n ocupada, SANA<\/span><\/strong><\/p>\n<p style=\"text-align: justify;\">Tres palestinos murieron y otros resultaron heridos por los continuos bombardeos de las fuerzas de ocupaci\u00f3n israel\u00edes contra la Franja de Gaza.<\/p>\n<p style=\"text-align: justify;\">&#8220;Varios misiles del ocupante apuntaron impactaron contra un apartamento residencial en la calle Al-Shuhada en el centro de la ciudad de Gaza, matando a tres palestinos e hiriendo a otros tres&#8221;, inform\u00f3 la agencia de noticias Wafa.<\/p>\n<p style=\"text-align: justify;\">Esto eleva a 221, incluidos 63 ni\u00f1os, la cifra de m\u00e1rtires por la agresi\u00f3n israel\u00ed que contin\u00faa por d\u00e9cimo d\u00eda consecutivo contra la Franja de Gaza, mientras el n\u00famero de heridos ascendi\u00f3 a alrededor de 1503, incluidos 450 ni\u00f1os.<\/p>\n<p style=\"text-align: justify;\"><strong><span style=\"color: #0000ff;\">fm\/ed<\/span><\/strong><\/p>\n","protected":false},"excerpt":{"rendered":"<p>Jerusal\u00e9n ocupada, SANA Tres palestinos murieron y otros resultaron heridos por los continuos bombardeos de las fuerzas de ocupaci\u00f3n israel\u00edes contra la Franja de Gaza. &#8220;Varios misiles del ocupante apuntaron impactaron contra un apartamento residencial en la calle Al-Shuhada en el centro de la ciudad de Gaza, matando a tres palestinos e hiriendo a otros &hellip;<\/p>\n","protected":false},"author":32,"featured_media":180131,"comment_status":"closed","ping_status":"closed","sticky":false,"template":"","format":"standard","meta":{"footnotes":""},"categories":[597,456,7541],"tags":[],"class_list":["post-180130","post","type-post","status-publish","format-standard","has-post-thumbnail","","category-cinta-de-noticias","category-arabe-internacional-politica","category-ultimas-noticias"],"_links":{"self":[{"href":"https:\/\/archive.sana.sy\/es\/index.php?rest_route=\/wp\/v2\/posts\/180130"}],"collection":[{"href":"https:\/\/archive.sana.sy\/es\/index.php?rest_route=\/wp\/v2\/posts"}],"about":[{"href":"https:\/\/archive.sana.sy\/es\/index.php?rest_route=\/wp\/v2\/types\/post"}],"author":[{"embeddable":true,"href":"https:\/\/archive.sana.sy\/es\/index.php?rest_route=\/wp\/v2\/users\/32"}],"replies":[{"embeddable":true,"href":"https:\/\/archive.sana.sy\/es\/index.php?rest_route=%2Fwp%2Fv2%2Fcomments&post=180130"}],"version-history":[{"count":0,"href":"https:\/\/archive.sana.sy\/es\/index.php?rest_route=\/wp\/v2\/posts\/180130\/revisions"}],"wp:featuredmedia":[{"embeddable":true,"href":"https:\/\/archive.sana.sy\/es\/index.php?rest_route=\/wp\/v2\/media\/180131"}],"wp:attachment":[{"href":"https:\/\/archive.sana.sy\/es\/index.php?rest_route=%2Fwp%2Fv2%2Fmedia&parent=180130"}],"wp:term":[{"taxonomy":"category","embeddable":true,"href":"https:\/\/archive.sana.sy\/es\/index.php?rest_route=%2Fwp%2Fv2%2Fcategories&post=180130"},{"taxonomy":"post_tag","embeddable":true,"href":"https:\/\/archive.sana.sy\/es\/index.php?rest_route=%2Fwp%2Fv2%2Ftags&post=180130"}],"curies":[{"name":"wp","href":"https:\/\/api.w.org\/{rel}","templated":true}]}}