{"id":180219,"date":"2021-05-19T19:41:05","date_gmt":"2021-05-19T16:41:05","guid":{"rendered":"http:\/\/107.6.182.27\/es\/?p=180219"},"modified":"2023-01-10T15:14:16","modified_gmt":"2023-01-10T13:14:16","slug":"227-hectareas-sembradas-con-patilla-esta-temporada-en-swaida","status":"publish","type":"post","link":"https:\/\/archive.sana.sy\/es\/?p=180219","title":{"rendered":"227 hect\u00e1reas sembradas con patilla esta temporada en Swaida"},"content":{"rendered":"<p style=\"text-align: justify\"><span style=\"color: #800000\">Swaida, SANA<\/span><\/p>\n<p style=\"text-align: justify\">Las \u00e1reas cultivadas con patilla en la provincia de Swaida para la temporada actual han llegado a 227 hect\u00e1reas.<\/p>\n<p style=\"text-align: justify\">El subdirector de agricultura de la provincia sure\u00f1a, Alaa Shuhayb, inform\u00f3 que esta fruta ocupa el segundo lugar en la lista de cultivos de verano y se centra en la parte occidental de swaida.<\/p>\n<p style=\"text-align: justify\">Swaida dispuso el a\u00f1o pasado 215 hect\u00e1reas para el cultivo de patilla cuya producci\u00f3n super\u00f3 las 6986 toneladas.<\/p>\n<p style=\"text-align: justify\">\n<span style=\"color: #0000ff\"><strong><em>la<\/em><\/strong><\/span><\/p>\n","protected":false},"excerpt":{"rendered":"<p>Swaida, SANA Las \u00e1reas cultivadas con patilla en la provincia de Swaida para la temporada actual han llegado a 227 hect\u00e1reas. El subdirector de agricultura de la provincia sure\u00f1a, Alaa Shuhayb, inform\u00f3 que esta fruta ocupa el segundo lugar en la lista de cultivos de verano y se centra en la parte occidental de swaida. &hellip;<\/p>\n","protected":false},"author":24,"featured_media":143002,"comment_status":"closed","ping_status":"closed","sticky":false,"template":"","format":"standard","meta":{"footnotes":""},"categories":[597,16686,485,476],"tags":[],"class_list":["post-180219","post","type-post","status-publish","format-standard","has-post-thumbnail","","category-cinta-de-noticias","category-economia","category-informes-negocios-y-finanzas","category-locales"],"_links":{"self":[{"href":"https:\/\/archive.sana.sy\/es\/index.php?rest_route=\/wp\/v2\/posts\/180219"}],"collection":[{"href":"https:\/\/archive.sana.sy\/es\/index.php?rest_route=\/wp\/v2\/posts"}],"about":[{"href":"https:\/\/archive.sana.sy\/es\/index.php?rest_route=\/wp\/v2\/types\/post"}],"author":[{"embeddable":true,"href":"https:\/\/archive.sana.sy\/es\/index.php?rest_route=\/wp\/v2\/users\/24"}],"replies":[{"embeddable":true,"href":"https:\/\/archive.sana.sy\/es\/index.php?rest_route=%2Fwp%2Fv2%2Fcomments&post=180219"}],"version-history":[{"count":0,"href":"https:\/\/archive.sana.sy\/es\/index.php?rest_route=\/wp\/v2\/posts\/180219\/revisions"}],"wp:featuredmedia":[{"embeddable":true,"href":"https:\/\/archive.sana.sy\/es\/index.php?rest_route=\/wp\/v2\/media\/143002"}],"wp:attachment":[{"href":"https:\/\/archive.sana.sy\/es\/index.php?rest_route=%2Fwp%2Fv2%2Fmedia&parent=180219"}],"wp:term":[{"taxonomy":"category","embeddable":true,"href":"https:\/\/archive.sana.sy\/es\/index.php?rest_route=%2Fwp%2Fv2%2Fcategories&post=180219"},{"taxonomy":"post_tag","embeddable":true,"href":"https:\/\/archive.sana.sy\/es\/index.php?rest_route=%2Fwp%2Fv2%2Ftags&post=180219"}],"curies":[{"name":"wp","href":"https:\/\/api.w.org\/{rel}","templated":true}]}}