{"id":18023,"date":"2015-02-16T16:03:30","date_gmt":"2015-02-16T14:03:30","guid":{"rendered":"http:\/\/www.sana.sy\/es\/?p=18023"},"modified":"2015-02-16T16:03:30","modified_gmt":"2015-02-16T14:03:30","slug":"el-ministerio-de-petroleo-niega-lo-difundido-por-medios-de-comunicacion-sobre-la-compra-de-petroleo-a-daesh","status":"publish","type":"post","link":"https:\/\/archive.sana.sy\/es\/?p=18023","title":{"rendered":"El Ministerio de Petr\u00f3leo niega lo difundido por medios de comunicaci\u00f3n sobre la compra de petr\u00f3leo a Daesh"},"content":{"rendered":"<p><span style=\"color: #ff0000\">Damasco, SANA<\/span><\/p>\n<p>El Ministerio de Petr\u00f3leo y Recursos Minerales neg\u00f3 lo divulgado por algunos medios de comunicaci\u00f3n sobre la compra por el gobierno sirio de petr\u00f3leo a la organizaci\u00f3n terroristas de Daesh.<br \/>\nUna fuente del Ministerio afirm\u00f3 que quien facilita el robo del petr\u00f3leo sirio es el mismo quien legaliz\u00f3 la comercializaci\u00f3n de este petr\u00f3leo bajo la resoluci\u00f3n N \/186\/ fechado en el 22\/4\/2013 emitido por la Uni\u00f3n Europea. Adem\u00e1s se\u00f1al\u00f3 que el Ministerio a trav\u00e9s de sus empresas es el \u00fanico que tiene el derecho de explotaci\u00f3n de esta riqueza nacional.<br \/>\nLa fuente agreg\u00f3 que esta organizaci\u00f3n terrorista roba el petr\u00f3leo y lo vende en los mercados internacionales a trav\u00e9s de mediadores turcos para financiar sus actos criminales.<\/p>\n<p><span style=\"color: #00ccff\">Hala B., Ryad Sh.<\/span><\/p>\n","protected":false},"excerpt":{"rendered":"<p>Damasco, SANA El Ministerio de Petr\u00f3leo y Recursos Minerales neg\u00f3 lo divulgado por algunos medios de comunicaci\u00f3n sobre la compra por el gobierno sirio de petr\u00f3leo a la organizaci\u00f3n terroristas de Daesh. Una fuente del Ministerio afirm\u00f3 que quien facilita el robo del petr\u00f3leo sirio es el mismo quien legaliz\u00f3 la comercializaci\u00f3n de este petr\u00f3leo &hellip;<\/p>\n","protected":false},"author":1,"featured_media":18024,"comment_status":"closed","ping_status":"closed","sticky":false,"template":"","format":"standard","meta":{"footnotes":""},"categories":[597,476],"tags":[4092],"class_list":["post-18023","post","type-post","status-publish","format-standard","has-post-thumbnail","","category-cinta-de-noticias","category-locales","tag-el-ministerio-de-petroleo-niega-lo-difundido-por-medios-de-comunicacion-sobre-la-compra-de-petroleo-a-daesh"],"_links":{"self":[{"href":"https:\/\/archive.sana.sy\/es\/index.php?rest_route=\/wp\/v2\/posts\/18023"}],"collection":[{"href":"https:\/\/archive.sana.sy\/es\/index.php?rest_route=\/wp\/v2\/posts"}],"about":[{"href":"https:\/\/archive.sana.sy\/es\/index.php?rest_route=\/wp\/v2\/types\/post"}],"author":[{"embeddable":true,"href":"https:\/\/archive.sana.sy\/es\/index.php?rest_route=\/wp\/v2\/users\/1"}],"replies":[{"embeddable":true,"href":"https:\/\/archive.sana.sy\/es\/index.php?rest_route=%2Fwp%2Fv2%2Fcomments&post=18023"}],"version-history":[{"count":0,"href":"https:\/\/archive.sana.sy\/es\/index.php?rest_route=\/wp\/v2\/posts\/18023\/revisions"}],"wp:featuredmedia":[{"embeddable":true,"href":"https:\/\/archive.sana.sy\/es\/index.php?rest_route=\/wp\/v2\/media\/18024"}],"wp:attachment":[{"href":"https:\/\/archive.sana.sy\/es\/index.php?rest_route=%2Fwp%2Fv2%2Fmedia&parent=18023"}],"wp:term":[{"taxonomy":"category","embeddable":true,"href":"https:\/\/archive.sana.sy\/es\/index.php?rest_route=%2Fwp%2Fv2%2Fcategories&post=18023"},{"taxonomy":"post_tag","embeddable":true,"href":"https:\/\/archive.sana.sy\/es\/index.php?rest_route=%2Fwp%2Fv2%2Ftags&post=18023"}],"curies":[{"name":"wp","href":"https:\/\/api.w.org\/{rel}","templated":true}]}}