{"id":180240,"date":"2021-05-19T21:14:56","date_gmt":"2021-05-19T18:14:56","guid":{"rendered":"http:\/\/107.6.182.27\/es\/?p=180240"},"modified":"2023-01-12T14:41:14","modified_gmt":"2023-01-12T12:41:14","slug":"resistencia-palestina-responde-a-la-continua-agresion-israeli","status":"publish","type":"post","link":"https:\/\/archive.sana.sy\/es\/?p=180240","title":{"rendered":"Resistencia palestina responde a la continua agresi\u00f3n israel\u00ed"},"content":{"rendered":"<p><span style=\"color: #800000;\">Jerusal\u00e9n ocupada, SANA<\/span><\/p>\n<p style=\"text-align: justify;\">En respuesta a los cr\u00edmenes de ocupaci\u00f3n israel\u00edes en curso contra los palestinos, la resistencia palestina bombarde\u00f3 de nuevo esta noche sitios militares y asentamientos del enemigo israel\u00ed.<\/p>\n<p style=\"text-align: justify;\">Seg\u00fan los medios informativos palestinos, las facciones de la resistencia palestina lanzaron proyectiles de mortero y r\u00e1fagas de cohetes desde la Franja de Gaza hacia sitios militares y asentamientos de la ocupaci\u00f3n en las proximidades de la Franja, Ashkelon, Ashdod y Beersheba.<\/p>\n<p style=\"text-align: justify;\">Por su parte, medios de comunicaci\u00f3n enemigos informaron los recientes bombardeos dejaron a varios colonos heridos.<\/p>\n<p>mm<\/p>\n","protected":false},"excerpt":{"rendered":"<p>Jerusal\u00e9n ocupada, SANA En respuesta a los cr\u00edmenes de ocupaci\u00f3n israel\u00edes en curso contra los palestinos, la resistencia palestina bombarde\u00f3 de nuevo esta noche sitios militares y asentamientos del enemigo israel\u00ed. Seg\u00fan los medios informativos palestinos, las facciones de la resistencia palestina lanzaron proyectiles de mortero y r\u00e1fagas de cohetes desde la Franja de Gaza &hellip;<\/p>\n","protected":false},"author":36,"featured_media":180241,"comment_status":"closed","ping_status":"closed","sticky":false,"template":"","format":"standard","meta":{"footnotes":""},"categories":[597,456,457],"tags":[],"class_list":["post-180240","post","type-post","status-publish","format-standard","has-post-thumbnail","","category-cinta-de-noticias","category-arabe-internacional-politica","category-noticias-arabe-internacional-politica"],"_links":{"self":[{"href":"https:\/\/archive.sana.sy\/es\/index.php?rest_route=\/wp\/v2\/posts\/180240"}],"collection":[{"href":"https:\/\/archive.sana.sy\/es\/index.php?rest_route=\/wp\/v2\/posts"}],"about":[{"href":"https:\/\/archive.sana.sy\/es\/index.php?rest_route=\/wp\/v2\/types\/post"}],"author":[{"embeddable":true,"href":"https:\/\/archive.sana.sy\/es\/index.php?rest_route=\/wp\/v2\/users\/36"}],"replies":[{"embeddable":true,"href":"https:\/\/archive.sana.sy\/es\/index.php?rest_route=%2Fwp%2Fv2%2Fcomments&post=180240"}],"version-history":[{"count":0,"href":"https:\/\/archive.sana.sy\/es\/index.php?rest_route=\/wp\/v2\/posts\/180240\/revisions"}],"wp:featuredmedia":[{"embeddable":true,"href":"https:\/\/archive.sana.sy\/es\/index.php?rest_route=\/wp\/v2\/media\/180241"}],"wp:attachment":[{"href":"https:\/\/archive.sana.sy\/es\/index.php?rest_route=%2Fwp%2Fv2%2Fmedia&parent=180240"}],"wp:term":[{"taxonomy":"category","embeddable":true,"href":"https:\/\/archive.sana.sy\/es\/index.php?rest_route=%2Fwp%2Fv2%2Fcategories&post=180240"},{"taxonomy":"post_tag","embeddable":true,"href":"https:\/\/archive.sana.sy\/es\/index.php?rest_route=%2Fwp%2Fv2%2Ftags&post=180240"}],"curies":[{"name":"wp","href":"https:\/\/api.w.org\/{rel}","templated":true}]}}