{"id":180243,"date":"2021-05-19T22:49:09","date_gmt":"2021-05-19T19:49:09","guid":{"rendered":"http:\/\/107.6.182.27\/es\/?p=180243"},"modified":"2023-01-12T14:41:14","modified_gmt":"2023-01-12T12:41:14","slug":"el-enemigo-israeli-ataca-con-17-proyectiles-aldeas-en-el-sur-del-libano","status":"publish","type":"post","link":"https:\/\/archive.sana.sy\/es\/?p=180243","title":{"rendered":"El enemigo israel\u00ed ataca con 17 proyectiles aldeas en el Sur del L\u00edbano"},"content":{"rendered":"<p><span style=\"color: #800000;\">Beirut, SANA<\/span><\/p>\n<p style=\"text-align: justify;\">El enemigo israel\u00ed reanud\u00f3 sus ataques contra las aldeas libaneses fronterizas con la Palestina ocupada.<\/p>\n<p style=\"text-align: justify;\">\u201cEste mi\u00e9rcoles 19 de mayo, la artiller\u00eda del r\u00e9gimen de ocupaci\u00f3n israel\u00ed atac\u00f3 la zona del valle de Hamoul, cerca de la localidad de Siddiqin, con 17 proyectiles\u201d, detall\u00f3 un comunicado emitido por el Ej\u00e9rcito liban\u00e9s.<\/p>\n<p style=\"text-align: justify;\">El Comando del cuerpo castrense agreg\u00f3 que el bombardeo del enemigo israel\u00ed no provoc\u00f3 da\u00f1os materiales ni p\u00e9rdidas humanas.<\/p>\n<p style=\"text-align: justify;\">El pasado martes, las fuerzas de ocupaci\u00f3n israel\u00edes atacaron algunas aldeas libanesas con fuego de artiller\u00eda y lanzaron bombas de gases venenosas contra los manifestantes que se agruparon cerca de la frontera con la Palestina ocupada en apoyo a la resistencia del pueblo palestino.<\/p>\n<p><em>mm<\/em><\/p>\n","protected":false},"excerpt":{"rendered":"<p>Beirut, SANA El enemigo israel\u00ed reanud\u00f3 sus ataques contra las aldeas libaneses fronterizas con la Palestina ocupada. \u201cEste mi\u00e9rcoles 19 de mayo, la artiller\u00eda del r\u00e9gimen de ocupaci\u00f3n israel\u00ed atac\u00f3 la zona del valle de Hamoul, cerca de la localidad de Siddiqin, con 17 proyectiles\u201d, detall\u00f3 un comunicado emitido por el Ej\u00e9rcito liban\u00e9s. El Comando &hellip;<\/p>\n","protected":false},"author":36,"featured_media":180244,"comment_status":"closed","ping_status":"closed","sticky":false,"template":"","format":"standard","meta":{"footnotes":""},"categories":[597,456,457],"tags":[],"class_list":["post-180243","post","type-post","status-publish","format-standard","has-post-thumbnail","","category-cinta-de-noticias","category-arabe-internacional-politica","category-noticias-arabe-internacional-politica"],"_links":{"self":[{"href":"https:\/\/archive.sana.sy\/es\/index.php?rest_route=\/wp\/v2\/posts\/180243"}],"collection":[{"href":"https:\/\/archive.sana.sy\/es\/index.php?rest_route=\/wp\/v2\/posts"}],"about":[{"href":"https:\/\/archive.sana.sy\/es\/index.php?rest_route=\/wp\/v2\/types\/post"}],"author":[{"embeddable":true,"href":"https:\/\/archive.sana.sy\/es\/index.php?rest_route=\/wp\/v2\/users\/36"}],"replies":[{"embeddable":true,"href":"https:\/\/archive.sana.sy\/es\/index.php?rest_route=%2Fwp%2Fv2%2Fcomments&post=180243"}],"version-history":[{"count":0,"href":"https:\/\/archive.sana.sy\/es\/index.php?rest_route=\/wp\/v2\/posts\/180243\/revisions"}],"wp:featuredmedia":[{"embeddable":true,"href":"https:\/\/archive.sana.sy\/es\/index.php?rest_route=\/wp\/v2\/media\/180244"}],"wp:attachment":[{"href":"https:\/\/archive.sana.sy\/es\/index.php?rest_route=%2Fwp%2Fv2%2Fmedia&parent=180243"}],"wp:term":[{"taxonomy":"category","embeddable":true,"href":"https:\/\/archive.sana.sy\/es\/index.php?rest_route=%2Fwp%2Fv2%2Fcategories&post=180243"},{"taxonomy":"post_tag","embeddable":true,"href":"https:\/\/archive.sana.sy\/es\/index.php?rest_route=%2Fwp%2Fv2%2Ftags&post=180243"}],"curies":[{"name":"wp","href":"https:\/\/api.w.org\/{rel}","templated":true}]}}