{"id":18033,"date":"2015-02-16T20:16:23","date_gmt":"2015-02-16T18:16:23","guid":{"rendered":"http:\/\/www.sana.sy\/es\/?p=18033"},"modified":"2015-02-16T20:16:23","modified_gmt":"2015-02-16T18:16:23","slug":"siria-y-onu-examinan-perspectivas-de-cooperacion-bilateral","status":"publish","type":"post","link":"https:\/\/archive.sana.sy\/es\/?p=18033","title":{"rendered":"Siria y ONU examinan perspectivas de cooperaci\u00f3n bilateral"},"content":{"rendered":"<p>Damasco-SANA<\/p>\n<p>El vicecanciller de Siria, Faisal Mekdad, durante su encuentro con el nuevo comandante de la misi\u00f3n de la ONU en el Gol\u00e1n (FNUOS), General de Divisi\u00f3n Purna Chandra Thapa, examin\u00f3 los aspectos de cooperaci\u00f3n entre el gobierno sirio y naciones unidas en el marco de garantizar la aplicaci\u00f3n el mandato de la FNUOS.<\/p>\n<p>Mekdad afirm\u00f3 el compromiso del gobierno sirio en cumplir sus obligaciones en funci\u00f3n del acuerdo de separaci\u00f3n de fuerzas para el a\u00f1o 1974 y su disposici\u00f3n de seguir ofreciendo las facilidades necesarias para que las fuerzas de separaci\u00f3n internacional puedan cumplir su tarea de la forma m\u00e1s adecuada, asegurando su inter\u00e9s por la seguridad de los integrantes de la FNUOS.<\/p>\n<p>Asimismo, Al-Mekdad, hizo referencia de la cooperaci\u00f3n existente entre las autoridades de la ocupaci\u00f3n israel\u00ed y los grupos armados terroristas, as\u00ed como la reiterada la violaci\u00f3n de Israel al acuerdo de separaci\u00f3n de fuerzas, pidiendo del consejo de seguridad y de la asamblea general de naciones unidas, adoptar las medidas necesarias para impedir que Israel siga cometiendo estas violaciones.<\/p>\n<p>Por su parte, el general Thapa valor\u00f3 muy en alto la cooperaci\u00f3n constructiva del gobierno de la Rep\u00fablica \u00c1rabe Siria y su inter\u00e9s por la seguridad de los miembros de la FINUL, y su deseo de seguir cooperando con las autoridades sirias para garantizar el cumplimiento de su mandato, aspirando se restablezca la seguridad y estabilidad en Siria.<\/p>\n<p><a href=\"http:\/\/www.sana.sy\/es\/wp-content\/uploads\/2015\/02\/mikdad-jordano.jpg\"><img loading=\"lazy\" decoding=\"async\" class=\"alignnone size-medium wp-image-18035\" src=\"http:\/\/www.sana.sy\/es\/wp-content\/uploads\/2015\/02\/mikdad-jordano-300x160.jpg\" alt=\"mikdad jordano\" width=\"300\" height=\"160\" srcset=\"https:\/\/archive.sana.sy\/es\/wp-content\/uploads\/2015\/02\/mikdad-jordano-300x160.jpg 300w, https:\/\/archive.sana.sy\/es\/wp-content\/uploads\/2015\/02\/mikdad-jordano-150x80.jpg 150w, https:\/\/archive.sana.sy\/es\/wp-content\/uploads\/2015\/02\/mikdad-jordano.jpg 381w\" sizes=\"(max-width: 300px) 100vw, 300px\" \/><\/a><\/p>\n<p>En otro contexto, Meqdad expres\u00f3 durante su reuni\u00f3n con la delegaci\u00f3n del comit\u00e9 de apoyo m\u00e9dico jordano a Siria en el colegio de m\u00e9dicos jordanos encabezado por Hassan Abdul Halim Badran, la gratitud de Siria a todas las labores de este comit\u00e9 en respaldo al pueblo sirio en los campos m\u00e9dico y humanitario.<\/p>\n<p>Por su parte, el presidente del comit\u00e9 afirm\u00f3 que el objetivo de comit\u00e9 es humano y pan \u00e1rabe para apoyar al pueblo sirio frente a la agresi\u00f3n desatada en su contra.<\/p>\n<p>Badran se\u00f1al\u00f3 que \u00e9l y los miembros del comit\u00e9 proporcionaron apoyo m\u00e9dico para afirmar al pueblo sirio que no est\u00e1 solo en la batalla contra el terrorismo.<br \/>\nYamil K.<\/p>\n","protected":false},"excerpt":{"rendered":"<p>Damasco-SANA El vicecanciller de Siria, Faisal Mekdad, durante su encuentro con el nuevo comandante de la misi\u00f3n de la ONU en el Gol\u00e1n (FNUOS), General de Divisi\u00f3n Purna Chandra Thapa, examin\u00f3 los aspectos de cooperaci\u00f3n entre el gobierno sirio y naciones unidas en el marco de garantizar la aplicaci\u00f3n el mandato de la FNUOS. Mekdad &hellip;<\/p>\n","protected":false},"author":1,"featured_media":18034,"comment_status":"closed","ping_status":"closed","sticky":false,"template":"","format":"standard","meta":{"footnotes":""},"categories":[477,597,476,576],"tags":[],"class_list":["post-18033","post","type-post","status-publish","format-standard","has-post-thumbnail","","category-noticias-edulcorantes","category-cinta-de-noticias","category-locales","category-noticias-politicas"],"_links":{"self":[{"href":"https:\/\/archive.sana.sy\/es\/index.php?rest_route=\/wp\/v2\/posts\/18033"}],"collection":[{"href":"https:\/\/archive.sana.sy\/es\/index.php?rest_route=\/wp\/v2\/posts"}],"about":[{"href":"https:\/\/archive.sana.sy\/es\/index.php?rest_route=\/wp\/v2\/types\/post"}],"author":[{"embeddable":true,"href":"https:\/\/archive.sana.sy\/es\/index.php?rest_route=\/wp\/v2\/users\/1"}],"replies":[{"embeddable":true,"href":"https:\/\/archive.sana.sy\/es\/index.php?rest_route=%2Fwp%2Fv2%2Fcomments&post=18033"}],"version-history":[{"count":0,"href":"https:\/\/archive.sana.sy\/es\/index.php?rest_route=\/wp\/v2\/posts\/18033\/revisions"}],"wp:featuredmedia":[{"embeddable":true,"href":"https:\/\/archive.sana.sy\/es\/index.php?rest_route=\/wp\/v2\/media\/18034"}],"wp:attachment":[{"href":"https:\/\/archive.sana.sy\/es\/index.php?rest_route=%2Fwp%2Fv2%2Fmedia&parent=18033"}],"wp:term":[{"taxonomy":"category","embeddable":true,"href":"https:\/\/archive.sana.sy\/es\/index.php?rest_route=%2Fwp%2Fv2%2Fcategories&post=18033"},{"taxonomy":"post_tag","embeddable":true,"href":"https:\/\/archive.sana.sy\/es\/index.php?rest_route=%2Fwp%2Fv2%2Ftags&post=18033"}],"curies":[{"name":"wp","href":"https:\/\/api.w.org\/{rel}","templated":true}]}}