{"id":180397,"date":"2021-05-20T11:35:30","date_gmt":"2021-05-20T08:35:30","guid":{"rendered":"http:\/\/107.6.182.27\/es\/?p=180397"},"modified":"2023-01-12T14:41:13","modified_gmt":"2023-01-12T12:41:13","slug":"huelga-general-en-um-al-fahem-en-los-territorios-palestinos-ocupados-de-1948","status":"publish","type":"post","link":"https:\/\/archive.sana.sy\/es\/?p=180397","title":{"rendered":"Huelga general en Um al-Fahem en los territorios palestinos ocupados de 1948"},"content":{"rendered":"<p style=\"text-align: justify;\"><span style=\"color: #800000;\"><strong>Jerusal\u00e9n ocupada, SANA<\/strong><\/span><\/p>\n<p style=\"text-align: justify;\">Una huelga general paraliz\u00f3 hoy la ciudad de Um al-Fahem en los territorios palestinos ocupados de 1948, en protesta por los continuos cr\u00edmenes de la ocupaci\u00f3n israel\u00ed contra los palestinos.<\/p>\n<p style=\"text-align: justify;\">La agencia Wafa difundi\u00f3 que la huelga fue convocada por las fuerzas nacionales palestinas en la ciudad y abarca todos los aspectos de la vida econ\u00f3mica, educativa, de servicios y de salud.<\/p>\n<p style=\"text-align: justify;\">La acci\u00f3n se realiza en denuncia a los continuos ataques israel\u00edes contra los palestinos en Jerusal\u00e9n ocupada y el resto de las ciudades y pueblos de Cisjordania y la Franja de Gaza.<\/p>\n<p style=\"text-align: justify;\">En la v\u00edspera, un ni\u00f1o palestino de 17 a\u00f1os muri\u00f3 en la ciudad tras sufrieron graves heridas por balas de las fuerzas de ocupaci\u00f3n israel\u00edes durante su agresi\u00f3n a los palestinos que se manifestaron en apoyo de Jerusal\u00e9n.<\/p>\n<p style=\"text-align: justify;\"><strong><span style=\"color: #0000ff;\">fm\/ed<\/span><\/strong><\/p>\n","protected":false},"excerpt":{"rendered":"<p>Jerusal\u00e9n ocupada, SANA Una huelga general paraliz\u00f3 hoy la ciudad de Um al-Fahem en los territorios palestinos ocupados de 1948, en protesta por los continuos cr\u00edmenes de la ocupaci\u00f3n israel\u00ed contra los palestinos. La agencia Wafa difundi\u00f3 que la huelga fue convocada por las fuerzas nacionales palestinas en la ciudad y abarca todos los aspectos &hellip;<\/p>\n","protected":false},"author":32,"featured_media":180398,"comment_status":"closed","ping_status":"closed","sticky":false,"template":"","format":"standard","meta":{"footnotes":""},"categories":[597,456,7541],"tags":[],"class_list":["post-180397","post","type-post","status-publish","format-standard","has-post-thumbnail","","category-cinta-de-noticias","category-arabe-internacional-politica","category-ultimas-noticias"],"_links":{"self":[{"href":"https:\/\/archive.sana.sy\/es\/index.php?rest_route=\/wp\/v2\/posts\/180397"}],"collection":[{"href":"https:\/\/archive.sana.sy\/es\/index.php?rest_route=\/wp\/v2\/posts"}],"about":[{"href":"https:\/\/archive.sana.sy\/es\/index.php?rest_route=\/wp\/v2\/types\/post"}],"author":[{"embeddable":true,"href":"https:\/\/archive.sana.sy\/es\/index.php?rest_route=\/wp\/v2\/users\/32"}],"replies":[{"embeddable":true,"href":"https:\/\/archive.sana.sy\/es\/index.php?rest_route=%2Fwp%2Fv2%2Fcomments&post=180397"}],"version-history":[{"count":0,"href":"https:\/\/archive.sana.sy\/es\/index.php?rest_route=\/wp\/v2\/posts\/180397\/revisions"}],"wp:featuredmedia":[{"embeddable":true,"href":"https:\/\/archive.sana.sy\/es\/index.php?rest_route=\/wp\/v2\/media\/180398"}],"wp:attachment":[{"href":"https:\/\/archive.sana.sy\/es\/index.php?rest_route=%2Fwp%2Fv2%2Fmedia&parent=180397"}],"wp:term":[{"taxonomy":"category","embeddable":true,"href":"https:\/\/archive.sana.sy\/es\/index.php?rest_route=%2Fwp%2Fv2%2Fcategories&post=180397"},{"taxonomy":"post_tag","embeddable":true,"href":"https:\/\/archive.sana.sy\/es\/index.php?rest_route=%2Fwp%2Fv2%2Ftags&post=180397"}],"curies":[{"name":"wp","href":"https:\/\/api.w.org\/{rel}","templated":true}]}}