{"id":180429,"date":"2021-05-20T17:19:33","date_gmt":"2021-05-20T14:19:33","guid":{"rendered":"http:\/\/107.6.182.27\/es\/?p=180429"},"modified":"2021-05-20T17:20:26","modified_gmt":"2021-05-20T14:20:26","slug":"embajador-sirio-en-el-libano-los-atacantes-de-los-sirios-en-el-libano-deben-rendir-cuentas","status":"publish","type":"post","link":"https:\/\/archive.sana.sy\/es\/?p=180429","title":{"rendered":"Embajador sirio en el L\u00edbano: los atacantes de los sirios en el L\u00edbano deben rendir cuentas"},"content":{"rendered":"<p style=\"text-align: justify;\"><span style=\"color: #800000;\"><strong>Beirut, SANA<\/strong><\/span><\/p>\n<p style=\"text-align: justify;\">El embajador de Siria en el L\u00edbano, Ali Abdul Karim, lament\u00f3 que varios libaneses atacaran los autobuses que transportaban a sirios desde sus zonas de residencia a la embajada siria para participar en las elecciones presidenciales.<\/p>\n<p style=\"text-align: justify;\">Abdul Karim llam\u00f3 al Estado liban\u00e9s, al ej\u00e9rcito y los servicios de seguridad a que intervengan y act\u00faen contra lo que est\u00e1 sucediendo porque ello da\u00f1a la imagen del L\u00edbano.<\/p>\n<p style=\"text-align: justify;\">&#8220;Debe haber rendici\u00f3n de cuentas, ante las autoridades libanesas, de todos aquellos que atacaron a los sirios que se dirig\u00edan a la embajada para participar en las elecciones presidenciales&#8221;, dijo Abdul Karim.<\/p>\n<p style=\"text-align: justify;\"><span style=\"color: #0000ff;\"><strong>ah\/rsh<\/strong><\/span><\/p>\n","protected":false},"excerpt":{"rendered":"<p>Beirut, SANA El embajador de Siria en el L\u00edbano, Ali Abdul Karim, lament\u00f3 que varios libaneses atacaran los autobuses que transportaban a sirios desde sus zonas de residencia a la embajada siria para participar en las elecciones presidenciales. Abdul Karim llam\u00f3 al Estado liban\u00e9s, al ej\u00e9rcito y los servicios de seguridad a que intervengan y &hellip;<\/p>\n","protected":false},"author":30,"featured_media":180430,"comment_status":"closed","ping_status":"closed","sticky":false,"template":"","format":"standard","meta":{"footnotes":""},"categories":[597,19009,467,7541],"tags":[19085],"class_list":["post-180429","post","type-post","status-publish","format-standard","has-post-thumbnail","","category-cinta-de-noticias","category-elecciones-presidenciales-2021","category-siria-y-el-mundo","category-ultimas-noticias","tag-embajador-sirio-en-el-libano-los-atacantes-de-los-sirios-en-el-libano-deben-rendir-cuentas"],"_links":{"self":[{"href":"https:\/\/archive.sana.sy\/es\/index.php?rest_route=\/wp\/v2\/posts\/180429"}],"collection":[{"href":"https:\/\/archive.sana.sy\/es\/index.php?rest_route=\/wp\/v2\/posts"}],"about":[{"href":"https:\/\/archive.sana.sy\/es\/index.php?rest_route=\/wp\/v2\/types\/post"}],"author":[{"embeddable":true,"href":"https:\/\/archive.sana.sy\/es\/index.php?rest_route=\/wp\/v2\/users\/30"}],"replies":[{"embeddable":true,"href":"https:\/\/archive.sana.sy\/es\/index.php?rest_route=%2Fwp%2Fv2%2Fcomments&post=180429"}],"version-history":[{"count":0,"href":"https:\/\/archive.sana.sy\/es\/index.php?rest_route=\/wp\/v2\/posts\/180429\/revisions"}],"wp:featuredmedia":[{"embeddable":true,"href":"https:\/\/archive.sana.sy\/es\/index.php?rest_route=\/wp\/v2\/media\/180430"}],"wp:attachment":[{"href":"https:\/\/archive.sana.sy\/es\/index.php?rest_route=%2Fwp%2Fv2%2Fmedia&parent=180429"}],"wp:term":[{"taxonomy":"category","embeddable":true,"href":"https:\/\/archive.sana.sy\/es\/index.php?rest_route=%2Fwp%2Fv2%2Fcategories&post=180429"},{"taxonomy":"post_tag","embeddable":true,"href":"https:\/\/archive.sana.sy\/es\/index.php?rest_route=%2Fwp%2Fv2%2Ftags&post=180429"}],"curies":[{"name":"wp","href":"https:\/\/api.w.org\/{rel}","templated":true}]}}