{"id":180448,"date":"2021-05-20T18:51:08","date_gmt":"2021-05-20T15:51:08","guid":{"rendered":"http:\/\/107.6.182.27\/es\/?p=180448"},"modified":"2023-01-12T14:41:13","modified_gmt":"2023-01-12T12:41:13","slug":"union-de-los-ulemas-del-levante-ratifica-su-apoyo-al-pueblo-palestino-frente-a-la-agresion-israeli","status":"publish","type":"post","link":"https:\/\/archive.sana.sy\/es\/?p=180448","title":{"rendered":"Uni\u00f3n de los Ulemas del Levante ratifica su apoyo al pueblo palestino frente a la agresi\u00f3n israel\u00ed"},"content":{"rendered":"<p style=\"text-align: justify;\"><span style=\"color: #800000;\"><strong>Damasco, SANA<\/strong><\/span><\/p>\n<p style=\"text-align: justify;\">La Uni\u00f3n de los Ulemas del Levante reiter\u00f3 su solidaridad y apoyo al pueblo palestino que insisti\u00f3 en defender sus santuarios, derechos e historia, y hacer frente a todos los intentos de las hordas de colonos sionistas para irrumpir en la mezquita de al-Aqsa, sus plazas y sus puertas.<\/p>\n<p style=\"text-align: justify;\">La Uni\u00f3n dijo hoy en un comunicado recibido por SANA que la tiran\u00eda del enemigo sionista ha alcanzado su m\u00e1xima expresi\u00f3n y estupidez, se\u00f1alando los informes emitidos por el propio enemigo que indican el colapso de la moral del mando de las fuerzas enemigas sionistas y de los individuos ante la firmeza y el coraje de un pueblo desarmado que s\u00f3lo tiene fe en su doctrina y su derecho.<\/p>\n<p style=\"text-align: justify;\">La declaraci\u00f3n subray\u00f3 que el pueblo de Palestina demuestra con su firmeza que Palestina en general y Jerusal\u00e9n en particular son para todos los musulmanes en general, porque Palestina es su causa y punto de inter\u00e9s, y que la sangre de los ni\u00f1os y mujeres de Gaza en particular y de Palestina en general conducir\u00e1 a la victoria.<\/p>\n<p style=\"text-align: justify;\">La declaraci\u00f3n conden\u00f3 la posici\u00f3n de quienes declaran la renuncia a la tierra, la honra y la dignidad, apeg\u00e1ndose al usurpador criminal porque han sido despojados de sus ra\u00edces.<\/p>\n<p style=\"text-align: justify;\">Destac\u00f3 que a los h\u00e9roes de Palestina no les importar\u00e1n aquellos porque son demasiado nulos como para uno preocuparse por ellos.<\/p>\n<p style=\"text-align: justify;\"><span style=\"color: #0000ff;\"><strong>ah\/rsh<\/strong><\/span><\/p>\n","protected":false},"excerpt":{"rendered":"<p>Damasco, SANA La Uni\u00f3n de los Ulemas del Levante reiter\u00f3 su solidaridad y apoyo al pueblo palestino que insisti\u00f3 en defender sus santuarios, derechos e historia, y hacer frente a todos los intentos de las hordas de colonos sionistas para irrumpir en la mezquita de al-Aqsa, sus plazas y sus puertas. La Uni\u00f3n dijo hoy &hellip;<\/p>\n","protected":false},"author":30,"featured_media":180449,"comment_status":"closed","ping_status":"closed","sticky":false,"template":"","format":"standard","meta":{"footnotes":""},"categories":[597,456],"tags":[19089],"class_list":["post-180448","post","type-post","status-publish","format-standard","has-post-thumbnail","","category-cinta-de-noticias","category-arabe-internacional-politica","tag-union-de-los-ulemas-del-levante-ratifica-su-apoyo-al-pueblo-palestino-frente-a-la-agresion-israeli"],"_links":{"self":[{"href":"https:\/\/archive.sana.sy\/es\/index.php?rest_route=\/wp\/v2\/posts\/180448"}],"collection":[{"href":"https:\/\/archive.sana.sy\/es\/index.php?rest_route=\/wp\/v2\/posts"}],"about":[{"href":"https:\/\/archive.sana.sy\/es\/index.php?rest_route=\/wp\/v2\/types\/post"}],"author":[{"embeddable":true,"href":"https:\/\/archive.sana.sy\/es\/index.php?rest_route=\/wp\/v2\/users\/30"}],"replies":[{"embeddable":true,"href":"https:\/\/archive.sana.sy\/es\/index.php?rest_route=%2Fwp%2Fv2%2Fcomments&post=180448"}],"version-history":[{"count":0,"href":"https:\/\/archive.sana.sy\/es\/index.php?rest_route=\/wp\/v2\/posts\/180448\/revisions"}],"wp:featuredmedia":[{"embeddable":true,"href":"https:\/\/archive.sana.sy\/es\/index.php?rest_route=\/wp\/v2\/media\/180449"}],"wp:attachment":[{"href":"https:\/\/archive.sana.sy\/es\/index.php?rest_route=%2Fwp%2Fv2%2Fmedia&parent=180448"}],"wp:term":[{"taxonomy":"category","embeddable":true,"href":"https:\/\/archive.sana.sy\/es\/index.php?rest_route=%2Fwp%2Fv2%2Fcategories&post=180448"},{"taxonomy":"post_tag","embeddable":true,"href":"https:\/\/archive.sana.sy\/es\/index.php?rest_route=%2Fwp%2Fv2%2Ftags&post=180448"}],"curies":[{"name":"wp","href":"https:\/\/api.w.org\/{rel}","templated":true}]}}