{"id":180451,"date":"2021-05-20T19:01:21","date_gmt":"2021-05-20T16:01:21","guid":{"rendered":"http:\/\/107.6.182.27\/es\/?p=180451"},"modified":"2021-05-21T15:22:30","modified_gmt":"2021-05-21T12:22:30","slug":"siria-condena-decision-alemana-de-privar-a-los-sirios-de-participar-en-las-elecciones-presidenciales","status":"publish","type":"post","link":"https:\/\/archive.sana.sy\/es\/?p=180451","title":{"rendered":"Siria condena decisi\u00f3n alemana de privar a los sirios de participar en las elecciones presidenciales"},"content":{"rendered":"<p style=\"text-align: justify;\"><span style=\"color: #800000;\"><strong>Damasco, SANA<\/strong><\/span><\/p>\n<p style=\"text-align: justify;\">Siria conden\u00f3 en\u00e9rgicamente la decisi\u00f3n del gobierno alem\u00e1n de privar a los connacionales residentes en Alemania de su derecho constitucional a participar en las elecciones presidenciales.<\/p>\n<p style=\"text-align: justify;\">&#8220;Esta injusta decisi\u00f3n del gobierno alem\u00e1n constituye una violaci\u00f3n flagrante de la Convenci\u00f3n de Viena sobre Relaciones Diplom\u00e1ticas y una violaci\u00f3n de las obligaciones que este acuerdo conlleva para el pa\u00eds anfitri\u00f3n&#8221;, dijo hoy una fuente oficial del Ministerio de Exteriores y Expatriados en una declaraci\u00f3n a SANA.<\/p>\n<p style=\"text-align: justify;\">La fuente agreg\u00f3: Esta decisi\u00f3n constituye tambi\u00e9n una violaci\u00f3n flagrante a los derechos y la libertad de los sirios y un intento desesperado de confiscar su decisi\u00f3n de participar en este importante evento nacional.<\/p>\n<p style=\"text-align: justify;\">Indic\u00f3 que ese acto expone la falsedad de la democracia que el gobierno alem\u00e1n est\u00e1 despotricando y expone su papel destructivo en la guerra injusta contra Siria.<\/p>\n<p style=\"text-align: justify;\">El gobierno alem\u00e1n deber\u00eda darse cuenta de que si priva a los sirios que residen en su territorio de participar en las elecciones presidenciales, no podr\u00e1 quitar de su pecho los sentimientos de pertenencia nacional a Siria, que con esta posici\u00f3n injusta, es incapaz de influir en la situaci\u00f3n en Siria y debe saber que la \u00faltima palabra en Siria la dicen solo los sirios.<\/p>\n<p style=\"text-align: justify;\"><span style=\"color: #0000ff;\"><strong>ah\/rsh<\/strong><\/span><\/p>\n","protected":false},"excerpt":{"rendered":"<p>Damasco, SANA Siria conden\u00f3 en\u00e9rgicamente la decisi\u00f3n del gobierno alem\u00e1n de privar a los connacionales residentes en Alemania de su derecho constitucional a participar en las elecciones presidenciales. &#8220;Esta injusta decisi\u00f3n del gobierno alem\u00e1n constituye una violaci\u00f3n flagrante de la Convenci\u00f3n de Viena sobre Relaciones Diplom\u00e1ticas y una violaci\u00f3n de las obligaciones que este acuerdo &hellip;<\/p>\n","protected":false},"author":30,"featured_media":180452,"comment_status":"closed","ping_status":"closed","sticky":false,"template":"","format":"standard","meta":{"footnotes":""},"categories":[597,19009,476,467,7541],"tags":[19090],"class_list":["post-180451","post","type-post","status-publish","format-standard","has-post-thumbnail","","category-cinta-de-noticias","category-elecciones-presidenciales-2021","category-locales","category-siria-y-el-mundo","category-ultimas-noticias","tag-siria-condena-decision-alemana-de-privar-a-los-sirios-de-participar-en-las-elecciones-presidenciales"],"_links":{"self":[{"href":"https:\/\/archive.sana.sy\/es\/index.php?rest_route=\/wp\/v2\/posts\/180451"}],"collection":[{"href":"https:\/\/archive.sana.sy\/es\/index.php?rest_route=\/wp\/v2\/posts"}],"about":[{"href":"https:\/\/archive.sana.sy\/es\/index.php?rest_route=\/wp\/v2\/types\/post"}],"author":[{"embeddable":true,"href":"https:\/\/archive.sana.sy\/es\/index.php?rest_route=\/wp\/v2\/users\/30"}],"replies":[{"embeddable":true,"href":"https:\/\/archive.sana.sy\/es\/index.php?rest_route=%2Fwp%2Fv2%2Fcomments&post=180451"}],"version-history":[{"count":0,"href":"https:\/\/archive.sana.sy\/es\/index.php?rest_route=\/wp\/v2\/posts\/180451\/revisions"}],"wp:featuredmedia":[{"embeddable":true,"href":"https:\/\/archive.sana.sy\/es\/index.php?rest_route=\/wp\/v2\/media\/180452"}],"wp:attachment":[{"href":"https:\/\/archive.sana.sy\/es\/index.php?rest_route=%2Fwp%2Fv2%2Fmedia&parent=180451"}],"wp:term":[{"taxonomy":"category","embeddable":true,"href":"https:\/\/archive.sana.sy\/es\/index.php?rest_route=%2Fwp%2Fv2%2Fcategories&post=180451"},{"taxonomy":"post_tag","embeddable":true,"href":"https:\/\/archive.sana.sy\/es\/index.php?rest_route=%2Fwp%2Fv2%2Ftags&post=180451"}],"curies":[{"name":"wp","href":"https:\/\/api.w.org\/{rel}","templated":true}]}}