{"id":180454,"date":"2021-05-20T19:08:13","date_gmt":"2021-05-20T16:08:13","guid":{"rendered":"http:\/\/107.6.182.27\/es\/?p=180454"},"modified":"2021-05-20T19:08:13","modified_gmt":"2021-05-20T16:08:13","slug":"sirios-en-alemania-condenan-la-decision-de-prohibirles-participar-las-en-elecciones-presidenciales","status":"publish","type":"post","link":"https:\/\/archive.sana.sy\/es\/?p=180454","title":{"rendered":"Sirios en Alemania condenan la decisi\u00f3n de prohibirles participar las en elecciones presidenciales"},"content":{"rendered":"<p style=\"text-align: justify;\"><span style=\"color: #800000;\"><strong>Berl\u00edn, SANA<\/strong><\/span><\/p>\n<p style=\"text-align: justify;\">Miembros de la comunidad siria en Alemania organizaron una manifestaci\u00f3n frente a la Embajada de su pa\u00eds en Berl\u00edn para denunciar la decisi\u00f3n de las autoridades alemanas de impedirles ejercer su derecho constitucional a participar en las elecciones presidenciales.<\/p>\n<p style=\"text-align: justify;\">Los participantes en el acto reiteraron su rechazo a las violaciones legales ejercidas en su contra por parte de las autoridades alemanas, reafirmando su compromiso con los principios nacionales y la soberan\u00eda de Siria.<\/p>\n<p style=\"text-align: justify;\">En una declaraci\u00f3n a SANA, el Dr. Jihad Iskandar, miembro de la comunidad siria que participa en la manifestaci\u00f3n, subray\u00f3 que los sirios en Alemania quieren enviar un mensaje al mundo entero de que el futuro de Siria s\u00f3lo lo deciden los propios sirios porque son los que derrotaron a los conspiradores y defendieron su suelo y su integridad territorial.<\/p>\n<p style=\"text-align: justify;\">Iskandar indic\u00f3 que la decisi\u00f3n de las autoridades alemanas de prohibir a los miembros de la comunidad siria de participar en este evento electoral fue &#8220;injusta y viola las leyes y convenciones internacionales&#8221;.<\/p>\n<p style=\"text-align: justify;\"><span style=\"color: #0000ff;\"><strong>ah\/rsh<\/strong><\/span><\/p>\n","protected":false},"excerpt":{"rendered":"<p>Berl\u00edn, SANA Miembros de la comunidad siria en Alemania organizaron una manifestaci\u00f3n frente a la Embajada de su pa\u00eds en Berl\u00edn para denunciar la decisi\u00f3n de las autoridades alemanas de impedirles ejercer su derecho constitucional a participar en las elecciones presidenciales. Los participantes en el acto reiteraron su rechazo a las violaciones legales ejercidas en &hellip;<\/p>\n","protected":false},"author":30,"featured_media":180455,"comment_status":"closed","ping_status":"closed","sticky":false,"template":"","format":"standard","meta":{"footnotes":""},"categories":[597,19009,467,7541],"tags":[19091],"class_list":["post-180454","post","type-post","status-publish","format-standard","has-post-thumbnail","","category-cinta-de-noticias","category-elecciones-presidenciales-2021","category-siria-y-el-mundo","category-ultimas-noticias","tag-sirios-en-alemania-condenan-la-decision-de-prohibirles-participar-las-en-elecciones-presidenciales"],"_links":{"self":[{"href":"https:\/\/archive.sana.sy\/es\/index.php?rest_route=\/wp\/v2\/posts\/180454"}],"collection":[{"href":"https:\/\/archive.sana.sy\/es\/index.php?rest_route=\/wp\/v2\/posts"}],"about":[{"href":"https:\/\/archive.sana.sy\/es\/index.php?rest_route=\/wp\/v2\/types\/post"}],"author":[{"embeddable":true,"href":"https:\/\/archive.sana.sy\/es\/index.php?rest_route=\/wp\/v2\/users\/30"}],"replies":[{"embeddable":true,"href":"https:\/\/archive.sana.sy\/es\/index.php?rest_route=%2Fwp%2Fv2%2Fcomments&post=180454"}],"version-history":[{"count":0,"href":"https:\/\/archive.sana.sy\/es\/index.php?rest_route=\/wp\/v2\/posts\/180454\/revisions"}],"wp:featuredmedia":[{"embeddable":true,"href":"https:\/\/archive.sana.sy\/es\/index.php?rest_route=\/wp\/v2\/media\/180455"}],"wp:attachment":[{"href":"https:\/\/archive.sana.sy\/es\/index.php?rest_route=%2Fwp%2Fv2%2Fmedia&parent=180454"}],"wp:term":[{"taxonomy":"category","embeddable":true,"href":"https:\/\/archive.sana.sy\/es\/index.php?rest_route=%2Fwp%2Fv2%2Fcategories&post=180454"},{"taxonomy":"post_tag","embeddable":true,"href":"https:\/\/archive.sana.sy\/es\/index.php?rest_route=%2Fwp%2Fv2%2Ftags&post=180454"}],"curies":[{"name":"wp","href":"https:\/\/api.w.org\/{rel}","templated":true}]}}