{"id":180457,"date":"2021-05-20T20:02:42","date_gmt":"2021-05-20T17:02:42","guid":{"rendered":"http:\/\/107.6.182.27\/es\/?p=180457"},"modified":"2021-05-21T18:09:49","modified_gmt":"2021-05-21T15:09:49","slug":"presidente-al-assad-la-presencia-de-la-entidad-israeli-en-la-region-se-basa-en-aterrorizar-a-sus-pueblos-y-violar-sus-derechos","status":"publish","type":"post","link":"https:\/\/archive.sana.sy\/es\/?p=180457","title":{"rendered":"Presidente Al-Assad: La presencia de la entidad israel\u00ed en la regi\u00f3n se basa en aterrorizar a sus pueblos y violar sus derechos"},"content":{"rendered":"<p style=\"text-align: justify;\"><span style=\"color: #800000;\"><strong>Damasco, SANA<\/strong><\/span><\/p>\n<p style=\"text-align: justify;\">El presidente de la Rep\u00fablica \u00c1rabe Siria, Bashar al-Assad, recibi\u00f3 hoy una delegaci\u00f3n de l\u00edderes y representantes de las fuerzas y facciones palestinas.<\/p>\n<p style=\"text-align: justify;\">La reuni\u00f3n se centr\u00f3 en los \u00faltimos acontecimientos en los territorios palestinos, los ataques israel\u00edes en curso contra el pueblo palestino y las pr\u00e1cticas de la ocupaci\u00f3n destinadas a desplazar a los palestinos de sus tierras en Jerusal\u00e9n con el objetivo de cambiar el car\u00e1cter y el estatus de la ciudad.<\/p>\n<p style=\"text-align: justify;\">El Presidente Al-Assad subray\u00f3 durante la reuni\u00f3n que la entidad israel\u00ed no entiende el lenguaje de la paz o el di\u00e1logo, y su presencia en esta regi\u00f3n se basa en practicar el terrorismo contra sus pueblos y en la violaci\u00f3n de sus derechos.<\/p>\n<p style=\"text-align: justify;\">El mandatario sirio reiter\u00f3 la firme posici\u00f3n de Siria a favor de la causa palestina, ya que es su causa central.<\/p>\n<p style=\"text-align: justify;\">\u201cSeguimos nuestro apoyo a la lucha del pueblo palestino y su leg\u00edtima resistencia por defenderse y restaurar sus derechos\u201d, dijo el Presidente.<\/p>\n<p style=\"text-align: justify;\">A su vez, los miembros de la delegaci\u00f3n ratificaron que &#8220;la firmeza de Siria en su guerra contra las organizaciones terroristas apoyadas por algunos pa\u00edses occidentales y la entidad de ocupaci\u00f3n israel\u00ed contribuy\u00f3 a fortalecer la resiliencia del pueblo palestino.&#8221;<\/p>\n<p style=\"text-align: justify;\">Elogiaron el continuo apoyo de Siria al pueblo palestino, a su resistencia y unidad.<\/p>\n<p style=\"text-align: justify;\">Los miembros de la delegaci\u00f3n se\u00f1alaron que los recientes acontecimientos en Palestina y las masacres y destrucci\u00f3n cometidas por la ocupaci\u00f3n en los territorios palestinos confirman que la opci\u00f3n de la resistencia es la base para restablecer los derechos y territorios usurpados.<\/p>\n<p style=\"text-align: justify;\"><span style=\"color: #0000ff;\"><strong>ah\/rsh<\/strong><\/span><\/p>\n","protected":false},"excerpt":{"rendered":"<p>Damasco, SANA El presidente de la Rep\u00fablica \u00c1rabe Siria, Bashar al-Assad, recibi\u00f3 hoy una delegaci\u00f3n de l\u00edderes y representantes de las fuerzas y facciones palestinas. La reuni\u00f3n se centr\u00f3 en los \u00faltimos acontecimientos en los territorios palestinos, los ataques israel\u00edes en curso contra el pueblo palestino y las pr\u00e1cticas de la ocupaci\u00f3n destinadas a desplazar &hellip;<\/p>\n","protected":false},"author":30,"featured_media":180458,"comment_status":"closed","ping_status":"closed","sticky":false,"template":"","format":"standard","meta":{"footnotes":""},"categories":[597,476,16237,626],"tags":[19092],"class_list":["post-180457","post","type-post","status-publish","format-standard","has-post-thumbnail","","category-cinta-de-noticias","category-locales","category-presidence-de-la-republique-arabe-syria","category-sr-presidente","tag-presidente-al-assad-la-presencia-de-la-entidad-israeli-en-la-region-se-basa-en-aterrorizar-a-sus-pueblos-y-violar-sus-derechos"],"_links":{"self":[{"href":"https:\/\/archive.sana.sy\/es\/index.php?rest_route=\/wp\/v2\/posts\/180457"}],"collection":[{"href":"https:\/\/archive.sana.sy\/es\/index.php?rest_route=\/wp\/v2\/posts"}],"about":[{"href":"https:\/\/archive.sana.sy\/es\/index.php?rest_route=\/wp\/v2\/types\/post"}],"author":[{"embeddable":true,"href":"https:\/\/archive.sana.sy\/es\/index.php?rest_route=\/wp\/v2\/users\/30"}],"replies":[{"embeddable":true,"href":"https:\/\/archive.sana.sy\/es\/index.php?rest_route=%2Fwp%2Fv2%2Fcomments&post=180457"}],"version-history":[{"count":0,"href":"https:\/\/archive.sana.sy\/es\/index.php?rest_route=\/wp\/v2\/posts\/180457\/revisions"}],"wp:featuredmedia":[{"embeddable":true,"href":"https:\/\/archive.sana.sy\/es\/index.php?rest_route=\/wp\/v2\/media\/180458"}],"wp:attachment":[{"href":"https:\/\/archive.sana.sy\/es\/index.php?rest_route=%2Fwp%2Fv2%2Fmedia&parent=180457"}],"wp:term":[{"taxonomy":"category","embeddable":true,"href":"https:\/\/archive.sana.sy\/es\/index.php?rest_route=%2Fwp%2Fv2%2Fcategories&post=180457"},{"taxonomy":"post_tag","embeddable":true,"href":"https:\/\/archive.sana.sy\/es\/index.php?rest_route=%2Fwp%2Fv2%2Ftags&post=180457"}],"curies":[{"name":"wp","href":"https:\/\/api.w.org\/{rel}","templated":true}]}}