{"id":180516,"date":"2021-05-20T23:44:07","date_gmt":"2021-05-20T20:44:07","guid":{"rendered":"http:\/\/107.6.182.27\/es\/?p=180516"},"modified":"2021-05-20T23:44:07","modified_gmt":"2021-05-20T20:44:07","slug":"siria-confirma-55-nuevos-casos-de-covid-19-3","status":"publish","type":"post","link":"https:\/\/archive.sana.sy\/es\/?p=180516","title":{"rendered":"Siria confirma 55 nuevos casos de Covid-19"},"content":{"rendered":"<p style=\"text-align: justify;\"><span style=\"color: #800000;\"><strong>Damasco, SANA<\/strong><\/span><\/p>\n<p style=\"text-align: justify;\">El Ministerio de Salud de Siria report\u00f3 en las \u00faltimas 24 horas, 55 nuevos casos de nuevo Coronavirus, 29 recuperados y seis muertos por esta enfermedad.<\/p>\n<p style=\"text-align: justify;\">Alepo encabez\u00f3 la lista de provincias con m\u00e1s casos (16), le sigue Damasco (10) y Tartous(7).<\/p>\n<p style=\"text-align: justify;\">De acuerdo con un comunicado del Ministerio, la cifra de infectados a nivel nacional ascendi\u00f3 a 23.939, incluidos 21.489 recuperados y 1.720 muertos.<\/p>\n<p style=\"text-align: justify;\">Siria anunci\u00f3 el primer caso del nuevo Coronavirus el d\u00eda 22 de marzo del 2020.<\/p>\n<p style=\"text-align: justify;\"><strong><span style=\"color: #0000ff;\">sm\/fm<\/span><\/strong><\/p>\n","protected":false},"excerpt":{"rendered":"<p>Damasco, SANA El Ministerio de Salud de Siria report\u00f3 en las \u00faltimas 24 horas, 55 nuevos casos de nuevo Coronavirus, 29 recuperados y seis muertos por esta enfermedad. Alepo encabez\u00f3 la lista de provincias con m\u00e1s casos (16), le sigue Damasco (10) y Tartous(7). De acuerdo con un comunicado del Ministerio, la cifra de infectados &hellip;<\/p>\n","protected":false},"author":39,"featured_media":180517,"comment_status":"closed","ping_status":"closed","sticky":false,"template":"","format":"standard","meta":{"footnotes":""},"categories":[477,447,597,476,7541],"tags":[],"class_list":["post-180516","post","type-post","status-publish","format-standard","has-post-thumbnail","","category-noticias-edulcorantes","category-local-politica","category-cinta-de-noticias","category-locales","category-ultimas-noticias"],"_links":{"self":[{"href":"https:\/\/archive.sana.sy\/es\/index.php?rest_route=\/wp\/v2\/posts\/180516"}],"collection":[{"href":"https:\/\/archive.sana.sy\/es\/index.php?rest_route=\/wp\/v2\/posts"}],"about":[{"href":"https:\/\/archive.sana.sy\/es\/index.php?rest_route=\/wp\/v2\/types\/post"}],"author":[{"embeddable":true,"href":"https:\/\/archive.sana.sy\/es\/index.php?rest_route=\/wp\/v2\/users\/39"}],"replies":[{"embeddable":true,"href":"https:\/\/archive.sana.sy\/es\/index.php?rest_route=%2Fwp%2Fv2%2Fcomments&post=180516"}],"version-history":[{"count":0,"href":"https:\/\/archive.sana.sy\/es\/index.php?rest_route=\/wp\/v2\/posts\/180516\/revisions"}],"wp:featuredmedia":[{"embeddable":true,"href":"https:\/\/archive.sana.sy\/es\/index.php?rest_route=\/wp\/v2\/media\/180517"}],"wp:attachment":[{"href":"https:\/\/archive.sana.sy\/es\/index.php?rest_route=%2Fwp%2Fv2%2Fmedia&parent=180516"}],"wp:term":[{"taxonomy":"category","embeddable":true,"href":"https:\/\/archive.sana.sy\/es\/index.php?rest_route=%2Fwp%2Fv2%2Fcategories&post=180516"},{"taxonomy":"post_tag","embeddable":true,"href":"https:\/\/archive.sana.sy\/es\/index.php?rest_route=%2Fwp%2Fv2%2Ftags&post=180516"}],"curies":[{"name":"wp","href":"https:\/\/api.w.org\/{rel}","templated":true}]}}