{"id":18053,"date":"2015-02-17T17:48:37","date_gmt":"2015-02-17T15:48:37","guid":{"rendered":"http:\/\/www.sana.sy\/es\/?p=18053"},"modified":"2015-02-17T17:50:59","modified_gmt":"2015-02-17T15:50:59","slug":"ataque-terrorista-deja-sin-funcionamiento-a-las-plantas-de-energia-electrica-en-la-region-sur","status":"publish","type":"post","link":"https:\/\/archive.sana.sy\/es\/?p=18053","title":{"rendered":"Ataque terrorista deja sin funcionamiento a las plantas de energ\u00eda el\u00e9ctrica en la Regi\u00f3n Sur"},"content":{"rendered":"<p><span style=\"color: #ff0000\">Damasco, SANA<\/span><\/p>\n<p>El ministro de Electricidad, Imad Khamis, afirm\u00f3 que los terroristas atacaron la noche del lunes, a los gasoductos que alimentan las plantas de energ\u00eda el\u00e9ctrica en la Regi\u00f3n Sur.<\/p>\n<p>El ataque caus\u00f3 la suspensi\u00f3n del funcionamiento de las mencionadas plantas.<\/p>\n<p>El ministro agreg\u00f3 que los equipos t\u00e9cnicos han empezado a reparar las aver\u00edas provocadas por el ataque, y se restablecer\u00e1 el servicio el\u00e9ctrico gradualmente durante las pr\u00f3ximas horas.<\/p>\n<p>En este contexto, el director general del Establecimiento de Suministro de Energ\u00eda El\u00e9ctrica, Abed Al Qader Ghalayini visit\u00f3 los sitios atacados en Damasco-campo para estar al tanto de las obras de reparaci\u00f3n.<\/p>\n<p>Asimismo asegur\u00f3 que la electricidad se restablecer\u00e1 en Swaida y Deraa dentro de 48 horas.<\/p>\n<p>Durante el recorrido, Abed Al Qader se\u00f1al\u00f3 que los talleres trabajan desde las primeras horas de la ma\u00f1ana para rehabilitar los da\u00f1os que se estiman en m\u00e1s de 100 millones de libras sirias.<\/p>\n<p>Cabe resaltar que el sector de energ\u00eda el\u00e9ctrica en Siria sigue siendo blanco de continuos ataques librados por los terroristas contra las plantas el\u00e9ctricas y las l\u00edneas de transici\u00f3n, los cuales dejaron da\u00f1os materiales estimados de 400 mil millones de libras sirias, s\u00famales la cifra de v\u00edctimas mortales que ha llegado a m\u00e1s de 170 trabajadores, entre obreros e ingenieros.<\/p>\n<p>&nbsp;<\/p>\n<p><span style=\"color: #00ccff\">Fady M., Hala B., Lynn A.<br \/>\n<\/span><\/p>\n","protected":false},"excerpt":{"rendered":"<p>Damasco, SANA El ministro de Electricidad, Imad Khamis, afirm\u00f3 que los terroristas atacaron la noche del lunes, a los gasoductos que alimentan las plantas de energ\u00eda el\u00e9ctrica en la Regi\u00f3n Sur. El ataque caus\u00f3 la suspensi\u00f3n del funcionamiento de las mencionadas plantas. El ministro agreg\u00f3 que los equipos t\u00e9cnicos han empezado a reparar las aver\u00edas &hellip;<\/p>\n","protected":false},"author":1,"featured_media":18078,"comment_status":"closed","ping_status":"closed","sticky":false,"template":"","format":"standard","meta":{"footnotes":""},"categories":[476],"tags":[4095],"class_list":["post-18053","post","type-post","status-publish","format-standard","has-post-thumbnail","","category-locales","tag-ataque-terrorista-deja-sin-funcionamiento-a-las-plantas-de-energia-electrica-en-la-region-sur"],"_links":{"self":[{"href":"https:\/\/archive.sana.sy\/es\/index.php?rest_route=\/wp\/v2\/posts\/18053"}],"collection":[{"href":"https:\/\/archive.sana.sy\/es\/index.php?rest_route=\/wp\/v2\/posts"}],"about":[{"href":"https:\/\/archive.sana.sy\/es\/index.php?rest_route=\/wp\/v2\/types\/post"}],"author":[{"embeddable":true,"href":"https:\/\/archive.sana.sy\/es\/index.php?rest_route=\/wp\/v2\/users\/1"}],"replies":[{"embeddable":true,"href":"https:\/\/archive.sana.sy\/es\/index.php?rest_route=%2Fwp%2Fv2%2Fcomments&post=18053"}],"version-history":[{"count":0,"href":"https:\/\/archive.sana.sy\/es\/index.php?rest_route=\/wp\/v2\/posts\/18053\/revisions"}],"wp:featuredmedia":[{"embeddable":true,"href":"https:\/\/archive.sana.sy\/es\/index.php?rest_route=\/wp\/v2\/media\/18078"}],"wp:attachment":[{"href":"https:\/\/archive.sana.sy\/es\/index.php?rest_route=%2Fwp%2Fv2%2Fmedia&parent=18053"}],"wp:term":[{"taxonomy":"category","embeddable":true,"href":"https:\/\/archive.sana.sy\/es\/index.php?rest_route=%2Fwp%2Fv2%2Fcategories&post=18053"},{"taxonomy":"post_tag","embeddable":true,"href":"https:\/\/archive.sana.sy\/es\/index.php?rest_route=%2Fwp%2Fv2%2Ftags&post=18053"}],"curies":[{"name":"wp","href":"https:\/\/api.w.org\/{rel}","templated":true}]}}