{"id":180542,"date":"2021-05-21T01:57:35","date_gmt":"2021-05-20T22:57:35","guid":{"rendered":"http:\/\/107.6.182.27\/es\/?p=180542"},"modified":"2023-01-10T14:28:40","modified_gmt":"2023-01-10T12:28:40","slug":"paralisis-del-consejo-de-seguridad-alienta-al-ocupante-israeli-a-continuar-su-agresion-contra-palestinos","status":"publish","type":"post","link":"https:\/\/archive.sana.sy\/es\/?p=180542","title":{"rendered":"Par\u00e1lisis del Consejo de Seguridad alienta al ocupante israel\u00ed a continuar su agresi\u00f3n contra palestinos"},"content":{"rendered":"<p style=\"text-align: justify;\"><span style=\"color: #800000;\"><strong>Nueva York, SANA<\/strong><\/span><\/p>\n<p style=\"text-align: justify;\">El Ministro de Exteriores y Expatriados, Faisal al-Mekdad, afirm\u00f3 que el par\u00e1lisis que enfrenta el Consejo de Seguridad de la ONU porque Estados Unidos le impide de asumir sus responsabilidades en el mantenimiento de la paz y la seguridad internacionales, alienta a la ocupaci\u00f3n israel\u00ed a continuar su agresi\u00f3n y cr\u00edmenes contra los palestinos.<\/p>\n<p style=\"text-align: justify;\">Esa postura fue expresada por el Canciller ante una reuni\u00f3n de la Asamblea General de las Naciones Unidas sobre la agresi\u00f3n israel\u00ed contra el pueblo palestino, y unas palabras en la misma fueron le\u00eddas \u00a0por el representante permanente de Siria ante la organizaci\u00f3n internacional, Bassam Sabbagh<\/p>\n<p style=\"text-align: justify;\">Al-Mekdad se\u00f1al\u00f3 que la b\u00e1rbara agresi\u00f3n israel\u00ed contra la Franja de Gaza y sus continuos asaltos a ciudades y pueblos de Cisjordania, incluida la Jerusal\u00e9n ocupada, constituyen un cap\u00edtulo de una serie continua de acciones de agresi\u00f3n que el ente de ocupaci\u00f3n ha estado llevando a cabo en la regi\u00f3n \u00e1rabe, incluidos sus repetidos ataques contra Siria y L\u00edbano, y su apoyo a las organizaciones terroristas.<\/p>\n<p style=\"text-align: justify;\">La ocupaci\u00f3n israel\u00ed intensific\u00f3 recientemente sus pr\u00e1cticas agresivas contra el pueblo palestino en un intento de desplazar a los palestinos e implementar los planes de anexi\u00f3n y judaizaci\u00f3n, remarc\u00f3 el jefe de la diplomacia siria.<\/p>\n<p style=\"text-align: justify;\">Asegur\u00f3 que \u201cuna vez m\u00e1s, Siria condena la continua agresi\u00f3n israel\u00ed contra el pueblo palestino y cualquier intento de encubrir los cr\u00edmenes sionistas que han cobrado cientos de vidas y dejado miles de heridos, en su mayor\u00eda mujeres y ni\u00f1os, solo durante los \u00faltimos d\u00edas, lo cual, seg\u00fan \u00e9l, representa un crimen de guerra y lesa humanidad.<\/p>\n<p style=\"text-align: justify;\">El ministro manifest\u00f3 que la comunidad internacional debe actuar urgentemente para poner fin a los cr\u00edmenes israel\u00edes y terminar su ocupaci\u00f3n de territorios \u00e1rabes, incluido el Gol\u00e1n sirio.<\/p>\n<p style=\"text-align: justify;\">Reiter\u00f3 la postura de Siria de apoyo a los palestinos y su derecho a establecer estado independiente, con Jerusal\u00e9n de capital, y obtener membres\u00eda de pleno derecho en las Naciones Unidas.<\/p>\n<p style=\"text-align: justify;\"><span style=\"color: #0000ff;\"><strong>fm<\/strong><\/span><\/p>\n","protected":false},"excerpt":{"rendered":"<p>Nueva York, SANA El Ministro de Exteriores y Expatriados, Faisal al-Mekdad, afirm\u00f3 que el par\u00e1lisis que enfrenta el Consejo de Seguridad de la ONU porque Estados Unidos le impide de asumir sus responsabilidades en el mantenimiento de la paz y la seguridad internacionales, alienta a la ocupaci\u00f3n israel\u00ed a continuar su agresi\u00f3n y cr\u00edmenes contra &hellip;<\/p>\n","protected":false},"author":34,"featured_media":180543,"comment_status":"closed","ping_status":"closed","sticky":false,"template":"","format":"standard","meta":{"footnotes":""},"categories":[447,597,476,467,7541],"tags":[],"class_list":["post-180542","post","type-post","status-publish","format-standard","has-post-thumbnail","","category-local-politica","category-cinta-de-noticias","category-locales","category-siria-y-el-mundo","category-ultimas-noticias"],"_links":{"self":[{"href":"https:\/\/archive.sana.sy\/es\/index.php?rest_route=\/wp\/v2\/posts\/180542"}],"collection":[{"href":"https:\/\/archive.sana.sy\/es\/index.php?rest_route=\/wp\/v2\/posts"}],"about":[{"href":"https:\/\/archive.sana.sy\/es\/index.php?rest_route=\/wp\/v2\/types\/post"}],"author":[{"embeddable":true,"href":"https:\/\/archive.sana.sy\/es\/index.php?rest_route=\/wp\/v2\/users\/34"}],"replies":[{"embeddable":true,"href":"https:\/\/archive.sana.sy\/es\/index.php?rest_route=%2Fwp%2Fv2%2Fcomments&post=180542"}],"version-history":[{"count":0,"href":"https:\/\/archive.sana.sy\/es\/index.php?rest_route=\/wp\/v2\/posts\/180542\/revisions"}],"wp:featuredmedia":[{"embeddable":true,"href":"https:\/\/archive.sana.sy\/es\/index.php?rest_route=\/wp\/v2\/media\/180543"}],"wp:attachment":[{"href":"https:\/\/archive.sana.sy\/es\/index.php?rest_route=%2Fwp%2Fv2%2Fmedia&parent=180542"}],"wp:term":[{"taxonomy":"category","embeddable":true,"href":"https:\/\/archive.sana.sy\/es\/index.php?rest_route=%2Fwp%2Fv2%2Fcategories&post=180542"},{"taxonomy":"post_tag","embeddable":true,"href":"https:\/\/archive.sana.sy\/es\/index.php?rest_route=%2Fwp%2Fv2%2Ftags&post=180542"}],"curies":[{"name":"wp","href":"https:\/\/api.w.org\/{rel}","templated":true}]}}