{"id":180602,"date":"2021-05-21T17:13:59","date_gmt":"2021-05-21T14:13:59","guid":{"rendered":"http:\/\/107.6.182.27\/es\/?p=180602"},"modified":"2021-05-21T17:13:59","modified_gmt":"2021-05-21T14:13:59","slug":"rusia-denuncia-que-terroristas-traman-ataque-quimico-en-siria","status":"publish","type":"post","link":"https:\/\/archive.sana.sy\/es\/?p=180602","title":{"rendered":"Rusia denuncia que terroristas traman ataque qu\u00edmico en Siria"},"content":{"rendered":"<p style=\"text-align: justify;\"><span style=\"color: #800000;\"><strong>Mosc\u00fa, SANA<\/strong><\/span><\/p>\n<p style=\"text-align: justify;\">Los terroristas &#8220;Frente Al-Nusra&#8221; est\u00e1n planificando, con la participaci\u00f3n de los terroristas de los llamados &#8220;Cascos Blancos&#8221;, escenificar ataques qu\u00edmicos contra civiles en Siria, comunic\u00f3 el Ministerio de Relaciones Exteriores ruso.<\/p>\n<p style=\"text-align: justify;\">Por medio de un comunicado reportado hoy por la agencia Sputnik, Canciller\u00eda rusa detall\u00f3, \u201cde acuerdo con informaciones recibidas de una fuente confiable, la banda extremista &#8220;Frente Al-Nusra&#8221; en Siria se prepara para llevar a cabo otra provocaci\u00f3n utilizando materiales t\u00f3xicos contra civiles con la participaci\u00f3n de elementos de los &#8220;Cascos Blancos&#8221; en la zona de desescalada en Idlib.<\/p>\n<p style=\"text-align: justify;\">La nota agreg\u00f3: \u201cEn v\u00edsperas de una fecha importante para el Estado sirio representada en las elecciones presidenciales previstas para el 26 de mayo, el riesgo de llevar a cabo actos tan sucios est\u00e1 aumentando, y en ese sentido expresamos nuestra esperanza de que la divulgaci\u00f3n de la informaci\u00f3n antes mencionada interrumpir\u00e1 estos planes criminales y evitar\u00e1 v\u00edctimas inocentes.<\/p>\n<p style=\"text-align: justify;\">En febrero pasado, Canciller\u00eda rusa revel\u00f3 que las organizaciones terroristas desplegadas en Idlib se estaban preparando para una nueva provocaci\u00f3n con el uso de armas qu\u00edmicas en cooperaci\u00f3n con la organizaci\u00f3n terrorista &#8220;Cascos Blancos&#8221; para acusar al Ej\u00e9rcito \u00c1rabe Sirio.<\/p>\n<p style=\"text-align: justify;\"><strong><span style=\"color: #0000ff;\">mm\/sm<\/span><\/strong><\/p>\n","protected":false},"excerpt":{"rendered":"<p>Mosc\u00fa, SANA Los terroristas &#8220;Frente Al-Nusra&#8221; est\u00e1n planificando, con la participaci\u00f3n de los terroristas de los llamados &#8220;Cascos Blancos&#8221;, escenificar ataques qu\u00edmicos contra civiles en Siria, comunic\u00f3 el Ministerio de Relaciones Exteriores ruso. Por medio de un comunicado reportado hoy por la agencia Sputnik, Canciller\u00eda rusa detall\u00f3, \u201cde acuerdo con informaciones recibidas de una fuente &hellip;<\/p>\n","protected":false},"author":39,"featured_media":180603,"comment_status":"closed","ping_status":"closed","sticky":false,"template":"","format":"standard","meta":{"footnotes":""},"categories":[597,573,467,7541],"tags":[],"class_list":["post-180602","post","type-post","status-publish","format-standard","has-post-thumbnail","","category-cinta-de-noticias","category-la-realidad-de-los-acontecimientos-en-siria","category-siria-y-el-mundo","category-ultimas-noticias"],"_links":{"self":[{"href":"https:\/\/archive.sana.sy\/es\/index.php?rest_route=\/wp\/v2\/posts\/180602"}],"collection":[{"href":"https:\/\/archive.sana.sy\/es\/index.php?rest_route=\/wp\/v2\/posts"}],"about":[{"href":"https:\/\/archive.sana.sy\/es\/index.php?rest_route=\/wp\/v2\/types\/post"}],"author":[{"embeddable":true,"href":"https:\/\/archive.sana.sy\/es\/index.php?rest_route=\/wp\/v2\/users\/39"}],"replies":[{"embeddable":true,"href":"https:\/\/archive.sana.sy\/es\/index.php?rest_route=%2Fwp%2Fv2%2Fcomments&post=180602"}],"version-history":[{"count":0,"href":"https:\/\/archive.sana.sy\/es\/index.php?rest_route=\/wp\/v2\/posts\/180602\/revisions"}],"wp:featuredmedia":[{"embeddable":true,"href":"https:\/\/archive.sana.sy\/es\/index.php?rest_route=\/wp\/v2\/media\/180603"}],"wp:attachment":[{"href":"https:\/\/archive.sana.sy\/es\/index.php?rest_route=%2Fwp%2Fv2%2Fmedia&parent=180602"}],"wp:term":[{"taxonomy":"category","embeddable":true,"href":"https:\/\/archive.sana.sy\/es\/index.php?rest_route=%2Fwp%2Fv2%2Fcategories&post=180602"},{"taxonomy":"post_tag","embeddable":true,"href":"https:\/\/archive.sana.sy\/es\/index.php?rest_route=%2Fwp%2Fv2%2Ftags&post=180602"}],"curies":[{"name":"wp","href":"https:\/\/api.w.org\/{rel}","templated":true}]}}