{"id":180605,"date":"2021-05-21T17:25:57","date_gmt":"2021-05-21T14:25:57","guid":{"rendered":"http:\/\/107.6.182.27\/es\/?p=180605"},"modified":"2021-05-21T17:40:45","modified_gmt":"2021-05-21T14:40:45","slug":"siria-la-amplia-participacion-de-los-sirio-en-el-entrajero-en-las-elecciones-expresa-la-profunda-pertenencia-a-la-patria","status":"publish","type":"post","link":"https:\/\/archive.sana.sy\/es\/?p=180605","title":{"rendered":"Siria: la amplia participaci\u00f3n de los sirios en el extranjero en las elecciones expresa la profunda pertenencia a la patria"},"content":{"rendered":"<p style=\"text-align: justify;\"><span style=\"color: #800000;\"><strong>Damasco, SANA<\/strong><\/span><\/p>\n<p style=\"text-align: justify;\">El Ministerio de Relaciones Exteriores y Expatriados expres\u00f3 su gran aprecio por el cumplimiento del deber nacional de votar en las elecciones presidenciales por parte de los ciudadanos sirios residentes en el extranjero.<\/p>\n<p style=\"text-align: justify;\">La Canciller\u00eda destac\u00f3 que esta masiva y amplia participaci\u00f3n expresa la profunda pertenencia a la patria y adhesi\u00f3n a una decisi\u00f3n nacional independiente.<\/p>\n<p style=\"text-align: justify;\">\u201cLos ciudadanos sirios que residen en el extranjero emitieron su voto en las elecciones presidenciales en los colegios electorales establecidos en las embajadas de la Rep\u00fablica \u00c1rabe Siria\u201d, dice un comunicado emitido este viernes por el Ente sirio.<\/p>\n<p style=\"text-align: justify;\">La nota agreg\u00f3 que a pesar de que un poco grupo de pa\u00edses hostiles a Siria y c\u00f3mplices en la guerra injusta contra ella priv\u00f3 a los sirios ejercer su derecho constitucional al impedir la celebraci\u00f3n de elecciones en sus tierras, los sirios en todo el mundo, al acudir en masa a los colegios electorales, expresaron su fuerte pertenencia a la amada patria y el rechazo de cualquier forma de subordinaci\u00f3n, tutela e injerencia externa en sus asuntos\u201d.<\/p>\n<p style=\"text-align: justify;\">El Ministerio concluy\u00f3 su comunicado ratificando el importante papel de los ciudadanos sirios expatriados al participar en todos los derechos nacionales y contribuir al proceso de reconstruir lo que ha sido destruido por el terrorismo.<\/p>\n<p style=\"text-align: justify;\"><span style=\"color: #0000ff;\"><strong>sm\/mm<\/strong><\/span><\/p>\n","protected":false},"excerpt":{"rendered":"<p>Damasco, SANA El Ministerio de Relaciones Exteriores y Expatriados expres\u00f3 su gran aprecio por el cumplimiento del deber nacional de votar en las elecciones presidenciales por parte de los ciudadanos sirios residentes en el extranjero. La Canciller\u00eda destac\u00f3 que esta masiva y amplia participaci\u00f3n expresa la profunda pertenencia a la patria y adhesi\u00f3n a una &hellip;<\/p>\n","protected":false},"author":39,"featured_media":180606,"comment_status":"closed","ping_status":"closed","sticky":false,"template":"","format":"standard","meta":{"footnotes":""},"categories":[477,447,597,476,583],"tags":[],"class_list":["post-180605","post","type-post","status-publish","format-standard","has-post-thumbnail","","category-noticias-edulcorantes","category-local-politica","category-cinta-de-noticias","category-locales","category-slide"],"_links":{"self":[{"href":"https:\/\/archive.sana.sy\/es\/index.php?rest_route=\/wp\/v2\/posts\/180605"}],"collection":[{"href":"https:\/\/archive.sana.sy\/es\/index.php?rest_route=\/wp\/v2\/posts"}],"about":[{"href":"https:\/\/archive.sana.sy\/es\/index.php?rest_route=\/wp\/v2\/types\/post"}],"author":[{"embeddable":true,"href":"https:\/\/archive.sana.sy\/es\/index.php?rest_route=\/wp\/v2\/users\/39"}],"replies":[{"embeddable":true,"href":"https:\/\/archive.sana.sy\/es\/index.php?rest_route=%2Fwp%2Fv2%2Fcomments&post=180605"}],"version-history":[{"count":0,"href":"https:\/\/archive.sana.sy\/es\/index.php?rest_route=\/wp\/v2\/posts\/180605\/revisions"}],"wp:featuredmedia":[{"embeddable":true,"href":"https:\/\/archive.sana.sy\/es\/index.php?rest_route=\/wp\/v2\/media\/180606"}],"wp:attachment":[{"href":"https:\/\/archive.sana.sy\/es\/index.php?rest_route=%2Fwp%2Fv2%2Fmedia&parent=180605"}],"wp:term":[{"taxonomy":"category","embeddable":true,"href":"https:\/\/archive.sana.sy\/es\/index.php?rest_route=%2Fwp%2Fv2%2Fcategories&post=180605"},{"taxonomy":"post_tag","embeddable":true,"href":"https:\/\/archive.sana.sy\/es\/index.php?rest_route=%2Fwp%2Fv2%2Ftags&post=180605"}],"curies":[{"name":"wp","href":"https:\/\/api.w.org\/{rel}","templated":true}]}}