{"id":180613,"date":"2021-05-21T16:45:39","date_gmt":"2021-05-21T13:45:39","guid":{"rendered":"http:\/\/107.6.182.27\/es\/?p=180613"},"modified":"2021-05-21T17:48:02","modified_gmt":"2021-05-21T14:48:02","slug":"agresiones-israelies-dejan-decenas-de-palestinos-heridos-en-jerusalen-ocupada","status":"publish","type":"post","link":"https:\/\/archive.sana.sy\/es\/?p=180613","title":{"rendered":"Agresiones israel\u00edes dejan decenas de palestinos heridos en Jerusal\u00e9n ocupada"},"content":{"rendered":"<p style=\"text-align: justify;\"><span style=\"color: #800000;\"><strong>Jerusal\u00e9n ocupada, SANA<\/strong><\/span><\/p>\n<p style=\"text-align: justify;\">Varios palestinos resultaron heridos este viernes durante la incursi\u00f3n de las fuerzas de ocupaci\u00f3n israel\u00edes en los patios de la mezquita de Al Aqsa.<\/p>\n<p style=\"text-align: justify;\">Medios palestinos informaron que las fuerzas de ocupaci\u00f3n irrumpieron en la mezquita de Al Aqsa en medio de intensos disparos de balas y bombas de gas venenoso contra los fieles palestinos que se agruparon en sus patios poco despu\u00e9s del final del rezo del viernes.<\/p>\n<p style=\"text-align: justify;\">Seg\u00fan las fuentes, miles de palestinos se reunieron este viernes en las plazas de la mezquita Al Aqsa para expresar su determinaci\u00f3n de seguir con la resistencia contra la ocupaci\u00f3n y sus cr\u00edmenes contra los palestinos.<\/p>\n<p style=\"text-align: justify;\">En el mismo contexto, decenas de palestinos resultaron afectados en represiones israel\u00edes a una manifestaci\u00f3n organizada en la ciudad de Bel\u00e9n en Cisjordania.<\/p>\n<p style=\"text-align: justify;\">La agencia palestina de noticias Wafa inform\u00f3 que las fuerzas del el r\u00e9gimen ocupante dispararon bombas de sonido y gas venenoso contra los participantes en la manifestaci\u00f3n en la entrada norte de la ciudad, dejando a varios palestinos afectados con s\u00edntomas de asfixia.<\/p>\n<p style=\"text-align: justify;\">Asimismo, decenas de palestinos resultaron a manos de las fuerzas de ocupaci\u00f3n israel\u00edes al reprimir una manifestaci\u00f3n en apoyo a Jerusal\u00e9n y la sitiada Franja de Gaza en la ciudad de Hebr\u00f3n.<\/p>\n<p style=\"text-align: justify;\">En la localidad de Beit Ummar, al norte de Hebr\u00f3n, cientos de palestinos participaron en un acto solidario con los jerosolimitanos contra los planes de judaizaci\u00f3n israel\u00ed y en lealtad a la sangre de los m\u00e1rtires ca\u00eddos en Gaza.<\/p>\n<p style=\"text-align: justify;\"><span style=\"color: #0000ff;\"><strong>mm\/sm<\/strong><\/span><\/p>\n","protected":false},"excerpt":{"rendered":"<p>Jerusal\u00e9n ocupada, SANA Varios palestinos resultaron heridos este viernes durante la incursi\u00f3n de las fuerzas de ocupaci\u00f3n israel\u00edes en los patios de la mezquita de Al Aqsa. Medios palestinos informaron que las fuerzas de ocupaci\u00f3n irrumpieron en la mezquita de Al Aqsa en medio de intensos disparos de balas y bombas de gas venenoso contra &hellip;<\/p>\n","protected":false},"author":39,"featured_media":180614,"comment_status":"closed","ping_status":"closed","sticky":false,"template":"","format":"standard","meta":{"footnotes":""},"categories":[597,456,457,7541],"tags":[],"class_list":["post-180613","post","type-post","status-publish","format-standard","has-post-thumbnail","","category-cinta-de-noticias","category-arabe-internacional-politica","category-noticias-arabe-internacional-politica","category-ultimas-noticias"],"_links":{"self":[{"href":"https:\/\/archive.sana.sy\/es\/index.php?rest_route=\/wp\/v2\/posts\/180613"}],"collection":[{"href":"https:\/\/archive.sana.sy\/es\/index.php?rest_route=\/wp\/v2\/posts"}],"about":[{"href":"https:\/\/archive.sana.sy\/es\/index.php?rest_route=\/wp\/v2\/types\/post"}],"author":[{"embeddable":true,"href":"https:\/\/archive.sana.sy\/es\/index.php?rest_route=\/wp\/v2\/users\/39"}],"replies":[{"embeddable":true,"href":"https:\/\/archive.sana.sy\/es\/index.php?rest_route=%2Fwp%2Fv2%2Fcomments&post=180613"}],"version-history":[{"count":0,"href":"https:\/\/archive.sana.sy\/es\/index.php?rest_route=\/wp\/v2\/posts\/180613\/revisions"}],"wp:featuredmedia":[{"embeddable":true,"href":"https:\/\/archive.sana.sy\/es\/index.php?rest_route=\/wp\/v2\/media\/180614"}],"wp:attachment":[{"href":"https:\/\/archive.sana.sy\/es\/index.php?rest_route=%2Fwp%2Fv2%2Fmedia&parent=180613"}],"wp:term":[{"taxonomy":"category","embeddable":true,"href":"https:\/\/archive.sana.sy\/es\/index.php?rest_route=%2Fwp%2Fv2%2Fcategories&post=180613"},{"taxonomy":"post_tag","embeddable":true,"href":"https:\/\/archive.sana.sy\/es\/index.php?rest_route=%2Fwp%2Fv2%2Ftags&post=180613"}],"curies":[{"name":"wp","href":"https:\/\/api.w.org\/{rel}","templated":true}]}}