{"id":180618,"date":"2021-05-21T18:50:19","date_gmt":"2021-05-21T15:50:19","guid":{"rendered":"http:\/\/107.6.182.27\/es\/?p=180618"},"modified":"2023-01-12T14:41:12","modified_gmt":"2023-01-12T12:41:12","slug":"recuperan-18-cadaveres-de-martires-palestinos-debajo-de-los-escombros","status":"publish","type":"post","link":"https:\/\/archive.sana.sy\/es\/?p=180618","title":{"rendered":"Recuperan 18 cad\u00e1veres de m\u00e1rtires palestinos debajo de los escombros"},"content":{"rendered":"<p><span style=\"color: #800000;\">Jerusal\u00e9n ocupada, SANA<\/span><\/p>\n<p style=\"text-align: justify;\">Los param\u00e9dicos palestinos recuperaron hoy los cad\u00e1veres de 10 m\u00e1rtires, incluida una ni\u00f1a, que estaban sepultados debajo de los escombros de sus hogares destruidos por la agresi\u00f3n israel\u00ed, en varias localidades de la Franja de Gaza, inform\u00f3 la agencia palestina de noticias Maan.<\/p>\n<p style=\"text-align: justify;\">Esto, eleva el n\u00famero de v\u00edctimas de la agresi\u00f3n sionista que dur\u00f3 11 d\u00edas en la Franja, a 242 m\u00e1rtires, incluidos 66 ni\u00f1os, adem\u00e1s de m\u00e1s de 1900 heridos, incluidos 560 ni\u00f1os.<\/p>\n<p style=\"text-align: justify;\">Adem\u00e1s, la agresi\u00f3n caus\u00f3 da\u00f1os masivos en propiedades, hogares e infraestructura de palestinos.<\/p>\n<p><span style=\"color: #0000ff;\">sm\/fm\/rr<\/span><\/p>\n","protected":false},"excerpt":{"rendered":"<p>Jerusal\u00e9n ocupada, SANA Los param\u00e9dicos palestinos recuperaron hoy los cad\u00e1veres de 10 m\u00e1rtires, incluida una ni\u00f1a, que estaban sepultados debajo de los escombros de sus hogares destruidos por la agresi\u00f3n israel\u00ed, en varias localidades de la Franja de Gaza, inform\u00f3 la agencia palestina de noticias Maan. Esto, eleva el n\u00famero de v\u00edctimas de la agresi\u00f3n &hellip;<\/p>\n","protected":false},"author":31,"featured_media":180619,"comment_status":"closed","ping_status":"closed","sticky":false,"template":"","format":"standard","meta":{"footnotes":""},"categories":[456],"tags":[],"class_list":["post-180618","post","type-post","status-publish","format-standard","has-post-thumbnail","","category-arabe-internacional-politica"],"_links":{"self":[{"href":"https:\/\/archive.sana.sy\/es\/index.php?rest_route=\/wp\/v2\/posts\/180618"}],"collection":[{"href":"https:\/\/archive.sana.sy\/es\/index.php?rest_route=\/wp\/v2\/posts"}],"about":[{"href":"https:\/\/archive.sana.sy\/es\/index.php?rest_route=\/wp\/v2\/types\/post"}],"author":[{"embeddable":true,"href":"https:\/\/archive.sana.sy\/es\/index.php?rest_route=\/wp\/v2\/users\/31"}],"replies":[{"embeddable":true,"href":"https:\/\/archive.sana.sy\/es\/index.php?rest_route=%2Fwp%2Fv2%2Fcomments&post=180618"}],"version-history":[{"count":0,"href":"https:\/\/archive.sana.sy\/es\/index.php?rest_route=\/wp\/v2\/posts\/180618\/revisions"}],"wp:featuredmedia":[{"embeddable":true,"href":"https:\/\/archive.sana.sy\/es\/index.php?rest_route=\/wp\/v2\/media\/180619"}],"wp:attachment":[{"href":"https:\/\/archive.sana.sy\/es\/index.php?rest_route=%2Fwp%2Fv2%2Fmedia&parent=180618"}],"wp:term":[{"taxonomy":"category","embeddable":true,"href":"https:\/\/archive.sana.sy\/es\/index.php?rest_route=%2Fwp%2Fv2%2Fcategories&post=180618"},{"taxonomy":"post_tag","embeddable":true,"href":"https:\/\/archive.sana.sy\/es\/index.php?rest_route=%2Fwp%2Fv2%2Ftags&post=180618"}],"curies":[{"name":"wp","href":"https:\/\/api.w.org\/{rel}","templated":true}]}}