{"id":180621,"date":"2021-05-21T19:00:47","date_gmt":"2021-05-21T16:00:47","guid":{"rendered":"http:\/\/107.6.182.27\/es\/?p=180621"},"modified":"2023-01-12T14:41:12","modified_gmt":"2023-01-12T12:41:12","slug":"reportan-123-nuevas-violaciones-sauditas-en-yemen","status":"publish","type":"post","link":"https:\/\/archive.sana.sy\/es\/?p=180621","title":{"rendered":"Reportan 123 nuevas violaciones sauditas en Yemen"},"content":{"rendered":"<p style=\"text-align: justify;\"><span style=\"color: #800000;\"><strong>San\u00e1, SANA<\/strong><\/span><\/p>\n<p style=\"text-align: justify;\">Las fuerzas del agresor sauditas cometieron durante las \u00faltimas 24 horas, m\u00e1s de 123 nuevas violaciones al alto el fuego en la gobernaci\u00f3n yemen\u00ed de Hodeidah.<\/p>\n<p style=\"text-align: justify;\">La agencia yemenita de noticia SABA cit\u00f3 a una fuente militar diciendo que las violaciones incluyeron el vuelo de 16 aviones esp\u00edas en el espacio a\u00e9reo y 14 violaciones con bombardeos de artiller\u00eda y 86 violaciones con diferentes armas.<\/p>\n<p style=\"text-align: justify;\">La fuente confirm\u00f3 que dos yemen\u00edes resultaron heridos por el disparos de los guardias fronterizos sauditas en la gobernaci\u00f3n de Saada.<\/p>\n<p style=\"text-align: justify;\"><span style=\"color: #0000ff;\"><strong>sm\/fm<\/strong><\/span><\/p>\n","protected":false},"excerpt":{"rendered":"<p>San\u00e1, SANA Las fuerzas del agresor sauditas cometieron durante las \u00faltimas 24 horas, m\u00e1s de 123 nuevas violaciones al alto el fuego en la gobernaci\u00f3n yemen\u00ed de Hodeidah. La agencia yemenita de noticia SABA cit\u00f3 a una fuente militar diciendo que las violaciones incluyeron el vuelo de 16 aviones esp\u00edas en el espacio a\u00e9reo y &hellip;<\/p>\n","protected":false},"author":34,"featured_media":180622,"comment_status":"closed","ping_status":"closed","sticky":false,"template":"","format":"standard","meta":{"footnotes":""},"categories":[597,456],"tags":[],"class_list":["post-180621","post","type-post","status-publish","format-standard","has-post-thumbnail","","category-cinta-de-noticias","category-arabe-internacional-politica"],"_links":{"self":[{"href":"https:\/\/archive.sana.sy\/es\/index.php?rest_route=\/wp\/v2\/posts\/180621"}],"collection":[{"href":"https:\/\/archive.sana.sy\/es\/index.php?rest_route=\/wp\/v2\/posts"}],"about":[{"href":"https:\/\/archive.sana.sy\/es\/index.php?rest_route=\/wp\/v2\/types\/post"}],"author":[{"embeddable":true,"href":"https:\/\/archive.sana.sy\/es\/index.php?rest_route=\/wp\/v2\/users\/34"}],"replies":[{"embeddable":true,"href":"https:\/\/archive.sana.sy\/es\/index.php?rest_route=%2Fwp%2Fv2%2Fcomments&post=180621"}],"version-history":[{"count":0,"href":"https:\/\/archive.sana.sy\/es\/index.php?rest_route=\/wp\/v2\/posts\/180621\/revisions"}],"wp:featuredmedia":[{"embeddable":true,"href":"https:\/\/archive.sana.sy\/es\/index.php?rest_route=\/wp\/v2\/media\/180622"}],"wp:attachment":[{"href":"https:\/\/archive.sana.sy\/es\/index.php?rest_route=%2Fwp%2Fv2%2Fmedia&parent=180621"}],"wp:term":[{"taxonomy":"category","embeddable":true,"href":"https:\/\/archive.sana.sy\/es\/index.php?rest_route=%2Fwp%2Fv2%2Fcategories&post=180621"},{"taxonomy":"post_tag","embeddable":true,"href":"https:\/\/archive.sana.sy\/es\/index.php?rest_route=%2Fwp%2Fv2%2Ftags&post=180621"}],"curies":[{"name":"wp","href":"https:\/\/api.w.org\/{rel}","templated":true}]}}