{"id":180739,"date":"2021-05-22T12:29:28","date_gmt":"2021-05-22T09:29:28","guid":{"rendered":"http:\/\/107.6.182.27\/es\/?p=180739"},"modified":"2023-01-12T14:41:11","modified_gmt":"2023-01-12T12:41:11","slug":"manifestacion-en-viena-en-repulsa-a-agresiones-israelies-en-jerusalen","status":"publish","type":"post","link":"https:\/\/archive.sana.sy\/es\/?p=180739","title":{"rendered":"Manifestaci\u00f3n en Viena en repulsa a agresiones israel\u00edes en Jerusal\u00e9n"},"content":{"rendered":"<p style=\"text-align: justify;\"><span style=\"color: #800000;\"><strong>Viena, SANA<\/strong><\/span><\/p>\n<p style=\"text-align: justify;\">Los palestinos residentes en Viena, capital de Austria, y activistas solidarios de otras naciones, organizaron hoy una manifestaci\u00f3n para condenar los ataques de la ocupaci\u00f3n israel\u00ed contra Jerusal\u00e9n.<\/p>\n<p style=\"text-align: justify;\">La agencia palestina WAFA inform\u00f3 que cientos de personas participaron en una manifestaci\u00f3n masiva en la que izaron banderas palestinas y corearon consignas que denuncian los intentos de desplazar por la fuerza a los palestinos de sus hogares y las continuas violaciones en la mezquita Al-Aqsa por parte de la ocupaci\u00f3n israel\u00ed.<\/p>\n<p style=\"text-align: justify;\">Adem\u00e1s, exigieron a la comunidad internacional que ponga fin a las pr\u00e1cticas brutales del ocupante sionista contra los palestinos.<\/p>\n<p style=\"text-align: justify;\"><strong><span style=\"color: #0000ff;\">ed\/fm<\/span><\/strong><\/p>\n","protected":false},"excerpt":{"rendered":"<p>Viena, SANA Los palestinos residentes en Viena, capital de Austria, y activistas solidarios de otras naciones, organizaron hoy una manifestaci\u00f3n para condenar los ataques de la ocupaci\u00f3n israel\u00ed contra Jerusal\u00e9n. La agencia palestina WAFA inform\u00f3 que cientos de personas participaron en una manifestaci\u00f3n masiva en la que izaron banderas palestinas y corearon consignas que denuncian &hellip;<\/p>\n","protected":false},"author":32,"featured_media":180740,"comment_status":"closed","ping_status":"closed","sticky":false,"template":"","format":"standard","meta":{"footnotes":""},"categories":[597,456,7541],"tags":[],"class_list":["post-180739","post","type-post","status-publish","format-standard","has-post-thumbnail","","category-cinta-de-noticias","category-arabe-internacional-politica","category-ultimas-noticias"],"_links":{"self":[{"href":"https:\/\/archive.sana.sy\/es\/index.php?rest_route=\/wp\/v2\/posts\/180739"}],"collection":[{"href":"https:\/\/archive.sana.sy\/es\/index.php?rest_route=\/wp\/v2\/posts"}],"about":[{"href":"https:\/\/archive.sana.sy\/es\/index.php?rest_route=\/wp\/v2\/types\/post"}],"author":[{"embeddable":true,"href":"https:\/\/archive.sana.sy\/es\/index.php?rest_route=\/wp\/v2\/users\/32"}],"replies":[{"embeddable":true,"href":"https:\/\/archive.sana.sy\/es\/index.php?rest_route=%2Fwp%2Fv2%2Fcomments&post=180739"}],"version-history":[{"count":0,"href":"https:\/\/archive.sana.sy\/es\/index.php?rest_route=\/wp\/v2\/posts\/180739\/revisions"}],"wp:featuredmedia":[{"embeddable":true,"href":"https:\/\/archive.sana.sy\/es\/index.php?rest_route=\/wp\/v2\/media\/180740"}],"wp:attachment":[{"href":"https:\/\/archive.sana.sy\/es\/index.php?rest_route=%2Fwp%2Fv2%2Fmedia&parent=180739"}],"wp:term":[{"taxonomy":"category","embeddable":true,"href":"https:\/\/archive.sana.sy\/es\/index.php?rest_route=%2Fwp%2Fv2%2Fcategories&post=180739"},{"taxonomy":"post_tag","embeddable":true,"href":"https:\/\/archive.sana.sy\/es\/index.php?rest_route=%2Fwp%2Fv2%2Ftags&post=180739"}],"curies":[{"name":"wp","href":"https:\/\/api.w.org\/{rel}","templated":true}]}}