{"id":180742,"date":"2021-05-22T12:34:00","date_gmt":"2021-05-22T09:34:00","guid":{"rendered":"http:\/\/107.6.182.27\/es\/?p=180742"},"modified":"2023-01-10T14:28:39","modified_gmt":"2023-01-10T12:28:39","slug":"milicia-fds-allana-localidades-en-deir-ezzor-y-secuestra-25-civiles","status":"publish","type":"post","link":"https:\/\/archive.sana.sy\/es\/?p=180742","title":{"rendered":"Milicia FDS allana localidades en Deir Ezzor y secuestra 25 civiles"},"content":{"rendered":"<p style=\"text-align: justify;\"><span style=\"color: #800000;\"><strong>Deir Ezzor, SANA<\/strong><\/span><\/p>\n<p style=\"text-align: justify;\">La milicia proestadounidense Fuerzas Democr\u00e1ticas de Siria (FDS) secuestr\u00f3 decenas de j\u00f3venes en la aldea de Al-Zer la provincia oriental siria de Deir Ezzor.<\/p>\n<p style=\"text-align: justify;\">Activistas locales informaron a SANA que bandas de FDS allanaron varios hogares en la referente aldea y arrestaron 25 civiles y los llevaron a un destino desconocido.<\/p>\n<p style=\"text-align: justify;\">Se\u00f1alaron que la milicia hab\u00eda allanado la misma aldea varias veces con el apoyo de helic\u00f3pteros de las fuerzas de ocupaci\u00f3n estadounidenses.<\/p>\n<p style=\"text-align: justify;\">La milicia FDS intensific\u00f3 sus redadas en las zonas que ocupa en la regi\u00f3n siria de Al-Yazira y secuestr\u00f3 a cientos de j\u00f3venes para obligarlos a luchar en sus filas.<\/p>\n<p style=\"text-align: justify;\"><span style=\"color: #0000ff;\"><strong>sm\/fm<\/strong><\/span><\/p>\n","protected":false},"excerpt":{"rendered":"<p>Deir Ezzor, SANA La milicia proestadounidense Fuerzas Democr\u00e1ticas de Siria (FDS) secuestr\u00f3 decenas de j\u00f3venes en la aldea de Al-Zer la provincia oriental siria de Deir Ezzor. Activistas locales informaron a SANA que bandas de FDS allanaron varios hogares en la referente aldea y arrestaron 25 civiles y los llevaron a un destino desconocido. Se\u00f1alaron &hellip;<\/p>\n","protected":false},"author":39,"featured_media":180743,"comment_status":"closed","ping_status":"closed","sticky":false,"template":"","format":"standard","meta":{"footnotes":""},"categories":[477,447,597,573,457,7541],"tags":[],"class_list":["post-180742","post","type-post","status-publish","format-standard","has-post-thumbnail","","category-noticias-edulcorantes","category-local-politica","category-cinta-de-noticias","category-la-realidad-de-los-acontecimientos-en-siria","category-noticias-arabe-internacional-politica","category-ultimas-noticias"],"_links":{"self":[{"href":"https:\/\/archive.sana.sy\/es\/index.php?rest_route=\/wp\/v2\/posts\/180742"}],"collection":[{"href":"https:\/\/archive.sana.sy\/es\/index.php?rest_route=\/wp\/v2\/posts"}],"about":[{"href":"https:\/\/archive.sana.sy\/es\/index.php?rest_route=\/wp\/v2\/types\/post"}],"author":[{"embeddable":true,"href":"https:\/\/archive.sana.sy\/es\/index.php?rest_route=\/wp\/v2\/users\/39"}],"replies":[{"embeddable":true,"href":"https:\/\/archive.sana.sy\/es\/index.php?rest_route=%2Fwp%2Fv2%2Fcomments&post=180742"}],"version-history":[{"count":0,"href":"https:\/\/archive.sana.sy\/es\/index.php?rest_route=\/wp\/v2\/posts\/180742\/revisions"}],"wp:featuredmedia":[{"embeddable":true,"href":"https:\/\/archive.sana.sy\/es\/index.php?rest_route=\/wp\/v2\/media\/180743"}],"wp:attachment":[{"href":"https:\/\/archive.sana.sy\/es\/index.php?rest_route=%2Fwp%2Fv2%2Fmedia&parent=180742"}],"wp:term":[{"taxonomy":"category","embeddable":true,"href":"https:\/\/archive.sana.sy\/es\/index.php?rest_route=%2Fwp%2Fv2%2Fcategories&post=180742"},{"taxonomy":"post_tag","embeddable":true,"href":"https:\/\/archive.sana.sy\/es\/index.php?rest_route=%2Fwp%2Fv2%2Ftags&post=180742"}],"curies":[{"name":"wp","href":"https:\/\/api.w.org\/{rel}","templated":true}]}}