{"id":18075,"date":"2015-02-17T17:22:27","date_gmt":"2015-02-17T15:22:27","guid":{"rendered":"http:\/\/www.sana.sy\/es\/?p=18075"},"modified":"2015-02-19T16:25:11","modified_gmt":"2015-02-19T14:25:11","slug":"parlamento-debate-labor-del-ministerio-de-petroleo-y-recursos-minerales","status":"publish","type":"post","link":"https:\/\/archive.sana.sy\/es\/?p=18075","title":{"rendered":"Parlamento debate labor del Ministerio de Petr\u00f3leo y Recursos Minerales"},"content":{"rendered":"<p>Damasco, SANA<\/p>\n<p>El ministro de Petr\u00f3leo y Recursos Minerales, Sulaiman Abbas, respondi\u00f3 este martes a las preguntas planteadas por los diputados de la Asamblea del Pueblo sobre la situaci\u00f3n actual del sector de petr\u00f3leo.<\/p>\n<p>El titular del Petr\u00f3leo se\u00f1al\u00f3 que su ministerio se vio obligado a racionalizar la distribuci\u00f3n de los combustibles a las provincias debido a la escasez del crudo local y las pocas cantidades de crudo producido en las refiner\u00edas de Homs y Banias.<\/p>\n<p>Asimismo, a\u00f1adi\u00f3 que el suministro de los derivados del petr\u00f3leo se ha convertido en una carga para el gobierno, y antes de la crisis representaba un buen recurso para la tesorer\u00eda, aludiendo a que en la \u00e9poca actual el ministerio da prioridad a responder a las necesidades de los sectores principales tales como el militar, sanitario y de telecomunicaci\u00f3n.<\/p>\n<p>Sulaiman resalt\u00f3 que su ministerio suministrar\u00e1 a las plantas el\u00e9ctricas con cerca de un mill\u00f3n y 200 mil metros c\u00fabicos de gas diariamente despu\u00e9s de restablecer la seguridad en la provincia norte\u00f1a de Alepo.<\/p>\n<p>De igual manera aclar\u00f3 que el hecho de aumentar el precio de los combustibles va en el marco de la pol\u00edtica del gobierno de racionalizar la subvenci\u00f3n, dada la crisis que vive el pa\u00eds y la falta de la producci\u00f3n local de crudo.<\/p>\n<p>Lynn A., Fady M.<\/p>\n","protected":false},"excerpt":{"rendered":"<p>Damasco, SANA El ministro de Petr\u00f3leo y Recursos Minerales, Sulaiman Abbas, respondi\u00f3 este martes a las preguntas planteadas por los diputados de la Asamblea del Pueblo sobre la situaci\u00f3n actual del sector de petr\u00f3leo. El titular del Petr\u00f3leo se\u00f1al\u00f3 que su ministerio se vio obligado a racionalizar la distribuci\u00f3n de los combustibles a las provincias &hellip;<\/p>\n","protected":false},"author":24,"featured_media":11704,"comment_status":"closed","ping_status":"closed","sticky":false,"template":"","format":"standard","meta":{"footnotes":""},"categories":[477,476],"tags":[4100],"class_list":["post-18075","post","type-post","status-publish","format-standard","has-post-thumbnail","","category-noticias-edulcorantes","category-locales","tag-parlamento-debate-labor-del-ministerio-de-petroleo-y-recursos-minerales"],"_links":{"self":[{"href":"https:\/\/archive.sana.sy\/es\/index.php?rest_route=\/wp\/v2\/posts\/18075"}],"collection":[{"href":"https:\/\/archive.sana.sy\/es\/index.php?rest_route=\/wp\/v2\/posts"}],"about":[{"href":"https:\/\/archive.sana.sy\/es\/index.php?rest_route=\/wp\/v2\/types\/post"}],"author":[{"embeddable":true,"href":"https:\/\/archive.sana.sy\/es\/index.php?rest_route=\/wp\/v2\/users\/24"}],"replies":[{"embeddable":true,"href":"https:\/\/archive.sana.sy\/es\/index.php?rest_route=%2Fwp%2Fv2%2Fcomments&post=18075"}],"version-history":[{"count":0,"href":"https:\/\/archive.sana.sy\/es\/index.php?rest_route=\/wp\/v2\/posts\/18075\/revisions"}],"wp:featuredmedia":[{"embeddable":true,"href":"https:\/\/archive.sana.sy\/es\/index.php?rest_route=\/wp\/v2\/media\/11704"}],"wp:attachment":[{"href":"https:\/\/archive.sana.sy\/es\/index.php?rest_route=%2Fwp%2Fv2%2Fmedia&parent=18075"}],"wp:term":[{"taxonomy":"category","embeddable":true,"href":"https:\/\/archive.sana.sy\/es\/index.php?rest_route=%2Fwp%2Fv2%2Fcategories&post=18075"},{"taxonomy":"post_tag","embeddable":true,"href":"https:\/\/archive.sana.sy\/es\/index.php?rest_route=%2Fwp%2Fv2%2Ftags&post=18075"}],"curies":[{"name":"wp","href":"https:\/\/api.w.org\/{rel}","templated":true}]}}