{"id":180785,"date":"2021-05-22T13:15:06","date_gmt":"2021-05-22T10:15:06","guid":{"rendered":"http:\/\/107.6.182.27\/es\/?p=180785"},"modified":"2021-05-22T13:46:59","modified_gmt":"2021-05-22T10:46:59","slug":"siria-condena-energicamente-declaraciones-del-portavoz-del-ministerio-de-exteriores-frances-sobre-elecciones-presidenciales-y-afirma-que-tales-planteamientos-erroneos-del-gobierno-frances-sobre-siria","status":"publish","type":"post","link":"https:\/\/archive.sana.sy\/es\/?p=180785","title":{"rendered":"Siria condena en\u00e9rgicamente declaraciones del portavoz del Ministerio de Exteriores franc\u00e9s sobre elecciones presidenciales y afirma que tales planteamientos err\u00f3neos del gobierno franc\u00e9s sobre Siria no lograr\u00e1n obstaculizar el proceso de estabilizaci\u00f3n del pa\u00eds."},"content":{"rendered":"","protected":false},"excerpt":{"rendered":"","protected":false},"author":39,"featured_media":0,"comment_status":"closed","ping_status":"closed","sticky":false,"template":"","format":"standard","meta":{"footnotes":""},"categories":[1],"tags":[],"class_list":["post-180785","post","type-post","status-publish","format-standard","","category-news-not-sorted"],"_links":{"self":[{"href":"https:\/\/archive.sana.sy\/es\/index.php?rest_route=\/wp\/v2\/posts\/180785"}],"collection":[{"href":"https:\/\/archive.sana.sy\/es\/index.php?rest_route=\/wp\/v2\/posts"}],"about":[{"href":"https:\/\/archive.sana.sy\/es\/index.php?rest_route=\/wp\/v2\/types\/post"}],"author":[{"embeddable":true,"href":"https:\/\/archive.sana.sy\/es\/index.php?rest_route=\/wp\/v2\/users\/39"}],"replies":[{"embeddable":true,"href":"https:\/\/archive.sana.sy\/es\/index.php?rest_route=%2Fwp%2Fv2%2Fcomments&post=180785"}],"version-history":[{"count":0,"href":"https:\/\/archive.sana.sy\/es\/index.php?rest_route=\/wp\/v2\/posts\/180785\/revisions"}],"wp:attachment":[{"href":"https:\/\/archive.sana.sy\/es\/index.php?rest_route=%2Fwp%2Fv2%2Fmedia&parent=180785"}],"wp:term":[{"taxonomy":"category","embeddable":true,"href":"https:\/\/archive.sana.sy\/es\/index.php?rest_route=%2Fwp%2Fv2%2Fcategories&post=180785"},{"taxonomy":"post_tag","embeddable":true,"href":"https:\/\/archive.sana.sy\/es\/index.php?rest_route=%2Fwp%2Fv2%2Ftags&post=180785"}],"curies":[{"name":"wp","href":"https:\/\/api.w.org\/{rel}","templated":true}]}}