{"id":180789,"date":"2021-05-22T13:35:39","date_gmt":"2021-05-22T10:35:39","guid":{"rendered":"http:\/\/107.6.182.27\/es\/?p=180789"},"modified":"2023-01-10T14:28:38","modified_gmt":"2023-01-10T12:28:38","slug":"siria-condena-declaraciones-francesas-sobre-elecciones-presidenciales","status":"publish","type":"post","link":"https:\/\/archive.sana.sy\/es\/?p=180789","title":{"rendered":"Siria condena declaraciones francesas sobre elecciones presidenciales"},"content":{"rendered":"<p style=\"text-align: justify;\"><strong><span style=\"color: #800000;\">Damasco, SANA<\/span><\/strong><\/p>\n<p style=\"text-align: justify;\">Siria conden\u00f3 en\u00e9rgicamente las declaraciones del portavoz del Ministerio de Exteriores franc\u00e9s sobre las elecciones presidenciales y afirm\u00f3 que estas son un asunto soberano meramente sirio en que ninguna parte externa tiene derecho a interferir, puesto que solo los sirios tienen la \u00faltima palabra en ello.<\/p>\n<p style=\"text-align: justify;\">Una fuente oficial del Ministerio de Exteriores y Expatriados dijo en una declaraci\u00f3n: La Rep\u00fablica \u00c1rabe Siria considera innecesarias estas declaraciones, y la afluencia masiva de sirios a los colegios electorales en todo el mundo, incluido Par\u00eds, constituye la mejor respuesta a estas declaraciones.<\/p>\n<p style=\"text-align: justify;\">La fuente agreg\u00f3 que el gobierno franc\u00e9s, junto con los pa\u00edses hostiles a Siria, debe tener presente que, con estas pol\u00edticas, se hace plenamente responsable de derramar la sangre de los sirios, destruir sus logros y evitar que los alimentos y medicinas es lleguen, a\u00f1\u00e1dale el apoyo proporcionado al terrorismo transfronterizo en Siria y las medidas coercitivas unilaterales impuestas al pueblo sirio.<\/p>\n<p style=\"text-align: justify;\">Concluy\u00f3 que los planteamientos equivocados del gobierno franc\u00e9s en Siria no podr\u00e1n obstaculizar el proceso de consolidaci\u00f3n de la estabilidad, y Francia debe saber que la rueda del tiempo no dar\u00e1 marcha atr\u00e1s y que los tiempos del mandato ya pasaron para siempre y la legitimidad en Siria hoy, es otorgada solo por los sirios, no por un tal alto comisionado en Par\u00eds.<\/p>\n<p style=\"text-align: justify;\"><span style=\"color: #0000ff;\"><strong>fm\/sm\/rsh\/ah<\/strong><\/span><\/p>\n","protected":false},"excerpt":{"rendered":"<p>Damasco, SANA Siria conden\u00f3 en\u00e9rgicamente las declaraciones del portavoz del Ministerio de Exteriores franc\u00e9s sobre las elecciones presidenciales y afirm\u00f3 que estas son un asunto soberano meramente sirio en que ninguna parte externa tiene derecho a interferir, puesto que solo los sirios tienen la \u00faltima palabra en ello. Una fuente oficial del Ministerio de Exteriores &hellip;<\/p>\n","protected":false},"author":39,"featured_media":180790,"comment_status":"closed","ping_status":"closed","sticky":false,"template":"","format":"standard","meta":{"footnotes":""},"categories":[447,477,597,476,583],"tags":[],"class_list":["post-180789","post","type-post","status-publish","format-standard","has-post-thumbnail","","category-local-politica","category-noticias-edulcorantes","category-cinta-de-noticias","category-locales","category-slide"],"_links":{"self":[{"href":"https:\/\/archive.sana.sy\/es\/index.php?rest_route=\/wp\/v2\/posts\/180789"}],"collection":[{"href":"https:\/\/archive.sana.sy\/es\/index.php?rest_route=\/wp\/v2\/posts"}],"about":[{"href":"https:\/\/archive.sana.sy\/es\/index.php?rest_route=\/wp\/v2\/types\/post"}],"author":[{"embeddable":true,"href":"https:\/\/archive.sana.sy\/es\/index.php?rest_route=\/wp\/v2\/users\/39"}],"replies":[{"embeddable":true,"href":"https:\/\/archive.sana.sy\/es\/index.php?rest_route=%2Fwp%2Fv2%2Fcomments&post=180789"}],"version-history":[{"count":0,"href":"https:\/\/archive.sana.sy\/es\/index.php?rest_route=\/wp\/v2\/posts\/180789\/revisions"}],"wp:featuredmedia":[{"embeddable":true,"href":"https:\/\/archive.sana.sy\/es\/index.php?rest_route=\/wp\/v2\/media\/180790"}],"wp:attachment":[{"href":"https:\/\/archive.sana.sy\/es\/index.php?rest_route=%2Fwp%2Fv2%2Fmedia&parent=180789"}],"wp:term":[{"taxonomy":"category","embeddable":true,"href":"https:\/\/archive.sana.sy\/es\/index.php?rest_route=%2Fwp%2Fv2%2Fcategories&post=180789"},{"taxonomy":"post_tag","embeddable":true,"href":"https:\/\/archive.sana.sy\/es\/index.php?rest_route=%2Fwp%2Fv2%2Ftags&post=180789"}],"curies":[{"name":"wp","href":"https:\/\/api.w.org\/{rel}","templated":true}]}}