{"id":180823,"date":"2021-05-22T16:59:40","date_gmt":"2021-05-22T13:59:40","guid":{"rendered":"http:\/\/107.6.182.27\/es\/?p=180823"},"modified":"2021-05-22T17:44:02","modified_gmt":"2021-05-22T14:44:02","slug":"lideres-religiosos-de-homs-afirman-su-apoyo-a-las-elecciones-presidenciales-y-rechazan-todas-las-formas-de-injerencia-externa","status":"publish","type":"post","link":"https:\/\/archive.sana.sy\/es\/?p=180823","title":{"rendered":"L\u00edderes religiosos de Homs afirman su apoyo a las elecciones presidenciales y rechazan todas las formas de injerencia externa"},"content":{"rendered":"<p style=\"text-align: justify;\"><span style=\"color: #800000;\"><strong>Homs, SANA<\/strong><\/span><\/p>\n<p style=\"text-align: justify;\">En apoyo a las elecciones presidenciales previstas para el 26 de este mes y, en reafirmaci\u00f3n de la unidad nacional y la decisi\u00f3n siria soberana y en rechazo a todas las formas de injerencia externa, se celebr\u00f3 en la gran mezquita de Khalid ibn al-Walid una reuni\u00f3n de l\u00edderes religiosos en presencia del Ministro de Asuntos Religiosos Dr. Mohammed Abdul-Sattar Al Sayed.<\/p>\n<p style=\"text-align: justify;\">El Ministro subray\u00f3 que el evento constitucional de las elecciones es una continuaci\u00f3n de las victorias que Siria est\u00e1 logrando a varios niveles.<\/p>\n<p style=\"text-align: justify;\">Llam\u00f3 a una amplia participaci\u00f3n como expresi\u00f3n de responsabilidad, honradez y lealtad a la sangre de los m\u00e1rtires y un golpe a las conspiraciones dirigidas a la firmeza del pueblo sirio.<\/p>\n<p style=\"text-align: justify;\">El director de Awqaf de Homs, el sheikh Essam al-Masri, se\u00f1al\u00f3 que el sufragio es el derecho de cada sirio garantizado por la constituci\u00f3n, y es un deber para refutar todas las apuestas externas sobre el fracaso de las elecciones.<\/p>\n<p style=\"text-align: justify;\">Al-Masri pidi\u00f3 a los ciudadanos participar en las elecciones y elegir al mejor candidato que sea capaz de defender la patria y hacer frente a los enemigos y conspiradores.<\/p>\n<p style=\"text-align: justify;\">El sheikh Zuheir al-Abdala, im\u00e1n de la mezquita de F\u00e1tima al-Zahraa se\u00f1al\u00f3 que la participaci\u00f3n en las elecciones presidenciales es una expresi\u00f3n libre y franca de la voluntad del pueblo sirio quien dir\u00e1 su palabra en las urnas rechazando toda forma de injerencia extranjera y desafiando el embargo econ\u00f3mico injusto que atenta contra sus medios de vida.<\/p>\n<p style=\"text-align: justify;\">Por su parte el padre Ant\u00f3n Garadeh, prelado obispal destac\u00f3 la necesidad de participar en las elecciones presidenciales porque se trata de un deber nacional de todos los sirios para expresar su pertenencia a este pa\u00eds y dar su voto a quien dirigir\u00e1 a Siria hacia un futuro mejor.<\/p>\n<p style=\"text-align: justify;\"><span style=\"color: #0000ff;\"><strong>ah\/rsh<\/strong><\/span><\/p>\n<div id='gallery-1' class='gallery galleryid-180823 gallery-columns-1 gallery-size-full'><figure class='gallery-item'>\n\t\t\t<div class='gallery-icon landscape'>\n\t\t\t\t<a href='https:\/\/archive.sana.sy\/es\/wp-content\/uploads\/2021\/05\/photo_2021-05-22_13-42-15-scaled.jpg'><img loading=\"lazy\" decoding=\"async\" width=\"2560\" height=\"1704\" src=\"https:\/\/archive.sana.sy\/es\/wp-content\/uploads\/2021\/05\/photo_2021-05-22_13-42-15-scaled.jpg\" class=\"attachment-full size-full\" alt=\"\" srcset=\"https:\/\/archive.sana.sy\/es\/wp-content\/uploads\/2021\/05\/photo_2021-05-22_13-42-15-scaled.jpg 2560w, https:\/\/archive.sana.sy\/es\/wp-content\/uploads\/2021\/05\/photo_2021-05-22_13-42-15-300x200.jpg 300w, https:\/\/archive.sana.sy\/es\/wp-content\/uploads\/2021\/05\/photo_2021-05-22_13-42-15-1024x682.jpg 1024w, https:\/\/archive.sana.sy\/es\/wp-content\/uploads\/2021\/05\/photo_2021-05-22_13-42-15-150x100.jpg 150w, https:\/\/archive.sana.sy\/es\/wp-content\/uploads\/2021\/05\/photo_2021-05-22_13-42-15-768x511.jpg 768w, https:\/\/archive.sana.sy\/es\/wp-content\/uploads\/2021\/05\/photo_2021-05-22_13-42-15-1536x1022.jpg 1536w, https:\/\/archive.sana.sy\/es\/wp-content\/uploads\/2021\/05\/photo_2021-05-22_13-42-15-2048x1363.jpg 2048w, https:\/\/archive.sana.sy\/es\/wp-content\/uploads\/2021\/05\/photo_2021-05-22_13-42-15-310x205.jpg 310w\" sizes=\"(max-width: 2560px) 100vw, 2560px\" \/><\/a>\n\t\t\t<\/div><\/figure><figure class='gallery-item'>\n\t\t\t<div class='gallery-icon landscape'>\n\t\t\t\t<a href='https:\/\/archive.sana.sy\/es\/wp-content\/uploads\/2021\/05\/photo_2021-05-22_13-42-18-scaled.jpg'><img loading=\"lazy\" decoding=\"async\" width=\"2560\" height=\"1883\" src=\"https:\/\/archive.sana.sy\/es\/wp-content\/uploads\/2021\/05\/photo_2021-05-22_13-42-18-scaled.jpg\" class=\"attachment-full size-full\" alt=\"\" srcset=\"https:\/\/archive.sana.sy\/es\/wp-content\/uploads\/2021\/05\/photo_2021-05-22_13-42-18-scaled.jpg 2560w, https:\/\/archive.sana.sy\/es\/wp-content\/uploads\/2021\/05\/photo_2021-05-22_13-42-18-300x221.jpg 300w, https:\/\/archive.sana.sy\/es\/wp-content\/uploads\/2021\/05\/photo_2021-05-22_13-42-18-1024x753.jpg 1024w, https:\/\/archive.sana.sy\/es\/wp-content\/uploads\/2021\/05\/photo_2021-05-22_13-42-18-150x110.jpg 150w, https:\/\/archive.sana.sy\/es\/wp-content\/uploads\/2021\/05\/photo_2021-05-22_13-42-18-768x565.jpg 768w, https:\/\/archive.sana.sy\/es\/wp-content\/uploads\/2021\/05\/photo_2021-05-22_13-42-18-1536x1130.jpg 1536w, https:\/\/archive.sana.sy\/es\/wp-content\/uploads\/2021\/05\/photo_2021-05-22_13-42-18-2048x1506.jpg 2048w\" sizes=\"(max-width: 2560px) 100vw, 2560px\" \/><\/a>\n\t\t\t<\/div><\/figure><figure class='gallery-item'>\n\t\t\t<div class='gallery-icon landscape'>\n\t\t\t\t<a href='https:\/\/archive.sana.sy\/es\/wp-content\/uploads\/2021\/05\/photo_2021-05-22_13-42-19-scaled.jpg'><img loading=\"lazy\" decoding=\"async\" width=\"2560\" height=\"1861\" src=\"https:\/\/archive.sana.sy\/es\/wp-content\/uploads\/2021\/05\/photo_2021-05-22_13-42-19-scaled.jpg\" class=\"attachment-full size-full\" alt=\"\" srcset=\"https:\/\/archive.sana.sy\/es\/wp-content\/uploads\/2021\/05\/photo_2021-05-22_13-42-19-scaled.jpg 2560w, https:\/\/archive.sana.sy\/es\/wp-content\/uploads\/2021\/05\/photo_2021-05-22_13-42-19-300x218.jpg 300w, https:\/\/archive.sana.sy\/es\/wp-content\/uploads\/2021\/05\/photo_2021-05-22_13-42-19-1024x744.jpg 1024w, https:\/\/archive.sana.sy\/es\/wp-content\/uploads\/2021\/05\/photo_2021-05-22_13-42-19-150x109.jpg 150w, https:\/\/archive.sana.sy\/es\/wp-content\/uploads\/2021\/05\/photo_2021-05-22_13-42-19-768x558.jpg 768w, https:\/\/archive.sana.sy\/es\/wp-content\/uploads\/2021\/05\/photo_2021-05-22_13-42-19-1536x1116.jpg 1536w, https:\/\/archive.sana.sy\/es\/wp-content\/uploads\/2021\/05\/photo_2021-05-22_13-42-19-2048x1488.jpg 2048w\" sizes=\"(max-width: 2560px) 100vw, 2560px\" \/><\/a>\n\t\t\t<\/div><\/figure><figure class='gallery-item'>\n\t\t\t<div class='gallery-icon landscape'>\n\t\t\t\t<a href='https:\/\/archive.sana.sy\/es\/wp-content\/uploads\/2021\/05\/photo_2021-05-22_13-42-22-scaled.jpg'><img loading=\"lazy\" decoding=\"async\" width=\"2560\" height=\"1845\" src=\"https:\/\/archive.sana.sy\/es\/wp-content\/uploads\/2021\/05\/photo_2021-05-22_13-42-22-scaled.jpg\" class=\"attachment-full size-full\" alt=\"\" srcset=\"https:\/\/archive.sana.sy\/es\/wp-content\/uploads\/2021\/05\/photo_2021-05-22_13-42-22-scaled.jpg 2560w, https:\/\/archive.sana.sy\/es\/wp-content\/uploads\/2021\/05\/photo_2021-05-22_13-42-22-300x216.jpg 300w, https:\/\/archive.sana.sy\/es\/wp-content\/uploads\/2021\/05\/photo_2021-05-22_13-42-22-1024x738.jpg 1024w, https:\/\/archive.sana.sy\/es\/wp-content\/uploads\/2021\/05\/photo_2021-05-22_13-42-22-150x108.jpg 150w, https:\/\/archive.sana.sy\/es\/wp-content\/uploads\/2021\/05\/photo_2021-05-22_13-42-22-768x554.jpg 768w, https:\/\/archive.sana.sy\/es\/wp-content\/uploads\/2021\/05\/photo_2021-05-22_13-42-22-1536x1107.jpg 1536w, https:\/\/archive.sana.sy\/es\/wp-content\/uploads\/2021\/05\/photo_2021-05-22_13-42-22-2048x1476.jpg 2048w\" sizes=\"(max-width: 2560px) 100vw, 2560px\" \/><\/a>\n\t\t\t<\/div><\/figure><figure class='gallery-item'>\n\t\t\t<div class='gallery-icon landscape'>\n\t\t\t\t<a href='https:\/\/archive.sana.sy\/es\/wp-content\/uploads\/2021\/05\/photo_2021-05-22_13-42-23-scaled.jpg'><img loading=\"lazy\" decoding=\"async\" width=\"2560\" height=\"1758\" src=\"https:\/\/archive.sana.sy\/es\/wp-content\/uploads\/2021\/05\/photo_2021-05-22_13-42-23-scaled.jpg\" class=\"attachment-full size-full\" alt=\"\" srcset=\"https:\/\/archive.sana.sy\/es\/wp-content\/uploads\/2021\/05\/photo_2021-05-22_13-42-23-scaled.jpg 2560w, https:\/\/archive.sana.sy\/es\/wp-content\/uploads\/2021\/05\/photo_2021-05-22_13-42-23-300x206.jpg 300w, https:\/\/archive.sana.sy\/es\/wp-content\/uploads\/2021\/05\/photo_2021-05-22_13-42-23-1024x703.jpg 1024w, https:\/\/archive.sana.sy\/es\/wp-content\/uploads\/2021\/05\/photo_2021-05-22_13-42-23-150x103.jpg 150w, https:\/\/archive.sana.sy\/es\/wp-content\/uploads\/2021\/05\/photo_2021-05-22_13-42-23-768x527.jpg 768w, https:\/\/archive.sana.sy\/es\/wp-content\/uploads\/2021\/05\/photo_2021-05-22_13-42-23-1536x1055.jpg 1536w, https:\/\/archive.sana.sy\/es\/wp-content\/uploads\/2021\/05\/photo_2021-05-22_13-42-23-2048x1406.jpg 2048w, https:\/\/archive.sana.sy\/es\/wp-content\/uploads\/2021\/05\/photo_2021-05-22_13-42-23-110x75.jpg 110w\" sizes=\"(max-width: 2560px) 100vw, 2560px\" \/><\/a>\n\t\t\t<\/div><\/figure><figure class='gallery-item'>\n\t\t\t<div class='gallery-icon landscape'>\n\t\t\t\t<a href='https:\/\/archive.sana.sy\/es\/wp-content\/uploads\/2021\/05\/photo_2021-05-22_13-42-24-scaled.jpg'><img loading=\"lazy\" decoding=\"async\" width=\"2560\" height=\"1920\" src=\"https:\/\/archive.sana.sy\/es\/wp-content\/uploads\/2021\/05\/photo_2021-05-22_13-42-24-scaled.jpg\" class=\"attachment-full size-full\" alt=\"\" srcset=\"https:\/\/archive.sana.sy\/es\/wp-content\/uploads\/2021\/05\/photo_2021-05-22_13-42-24-scaled.jpg 2560w, https:\/\/archive.sana.sy\/es\/wp-content\/uploads\/2021\/05\/photo_2021-05-22_13-42-24-300x225.jpg 300w, https:\/\/archive.sana.sy\/es\/wp-content\/uploads\/2021\/05\/photo_2021-05-22_13-42-24-1024x768.jpg 1024w, https:\/\/archive.sana.sy\/es\/wp-content\/uploads\/2021\/05\/photo_2021-05-22_13-42-24-150x112.jpg 150w, https:\/\/archive.sana.sy\/es\/wp-content\/uploads\/2021\/05\/photo_2021-05-22_13-42-24-768x576.jpg 768w, https:\/\/archive.sana.sy\/es\/wp-content\/uploads\/2021\/05\/photo_2021-05-22_13-42-24-1536x1152.jpg 1536w, https:\/\/archive.sana.sy\/es\/wp-content\/uploads\/2021\/05\/photo_2021-05-22_13-42-24-2048x1536.jpg 2048w\" sizes=\"(max-width: 2560px) 100vw, 2560px\" \/><\/a>\n\t\t\t<\/div><\/figure><figure class='gallery-item'>\n\t\t\t<div class='gallery-icon portrait'>\n\t\t\t\t<a href='https:\/\/archive.sana.sy\/es\/wp-content\/uploads\/2021\/05\/photo_2021-05-22_14-33-07-scaled.jpg'><img loading=\"lazy\" decoding=\"async\" width=\"1478\" height=\"2560\" src=\"https:\/\/archive.sana.sy\/es\/wp-content\/uploads\/2021\/05\/photo_2021-05-22_14-33-07-scaled.jpg\" class=\"attachment-full size-full\" alt=\"\" srcset=\"https:\/\/archive.sana.sy\/es\/wp-content\/uploads\/2021\/05\/photo_2021-05-22_14-33-07-scaled.jpg 1478w, https:\/\/archive.sana.sy\/es\/wp-content\/uploads\/2021\/05\/photo_2021-05-22_14-33-07-173x300.jpg 173w, https:\/\/archive.sana.sy\/es\/wp-content\/uploads\/2021\/05\/photo_2021-05-22_14-33-07-591x1024.jpg 591w, https:\/\/archive.sana.sy\/es\/wp-content\/uploads\/2021\/05\/photo_2021-05-22_14-33-07-87x150.jpg 87w, https:\/\/archive.sana.sy\/es\/wp-content\/uploads\/2021\/05\/photo_2021-05-22_14-33-07-768x1330.jpg 768w, https:\/\/archive.sana.sy\/es\/wp-content\/uploads\/2021\/05\/photo_2021-05-22_14-33-07-887x1536.jpg 887w, https:\/\/archive.sana.sy\/es\/wp-content\/uploads\/2021\/05\/photo_2021-05-22_14-33-07-1183x2048.jpg 1183w\" sizes=\"(max-width: 1478px) 100vw, 1478px\" \/><\/a>\n\t\t\t<\/div><\/figure><figure class='gallery-item'>\n\t\t\t<div class='gallery-icon landscape'>\n\t\t\t\t<a href='https:\/\/archive.sana.sy\/es\/wp-content\/uploads\/2021\/05\/photo_2021-05-22_14-58-52-scaled.jpg'><img loading=\"lazy\" decoding=\"async\" width=\"2560\" height=\"1705\" src=\"https:\/\/archive.sana.sy\/es\/wp-content\/uploads\/2021\/05\/photo_2021-05-22_14-58-52-scaled.jpg\" class=\"attachment-full size-full\" alt=\"\" srcset=\"https:\/\/archive.sana.sy\/es\/wp-content\/uploads\/2021\/05\/photo_2021-05-22_14-58-52-scaled.jpg 2560w, https:\/\/archive.sana.sy\/es\/wp-content\/uploads\/2021\/05\/photo_2021-05-22_14-58-52-300x200.jpg 300w, https:\/\/archive.sana.sy\/es\/wp-content\/uploads\/2021\/05\/photo_2021-05-22_14-58-52-1024x682.jpg 1024w, https:\/\/archive.sana.sy\/es\/wp-content\/uploads\/2021\/05\/photo_2021-05-22_14-58-52-150x100.jpg 150w, https:\/\/archive.sana.sy\/es\/wp-content\/uploads\/2021\/05\/photo_2021-05-22_14-58-52-768x512.jpg 768w, https:\/\/archive.sana.sy\/es\/wp-content\/uploads\/2021\/05\/photo_2021-05-22_14-58-52-1536x1023.jpg 1536w, https:\/\/archive.sana.sy\/es\/wp-content\/uploads\/2021\/05\/photo_2021-05-22_14-58-52-2048x1364.jpg 2048w, https:\/\/archive.sana.sy\/es\/wp-content\/uploads\/2021\/05\/photo_2021-05-22_14-58-52-310x205.jpg 310w\" sizes=\"(max-width: 2560px) 100vw, 2560px\" \/><\/a>\n\t\t\t<\/div><\/figure><figure class='gallery-item'>\n\t\t\t<div class='gallery-icon landscape'>\n\t\t\t\t<a href='https:\/\/archive.sana.sy\/es\/wp-content\/uploads\/2021\/05\/photo_2021-05-22_14-58-56-2-scaled.jpg'><img loading=\"lazy\" decoding=\"async\" width=\"2560\" height=\"1772\" src=\"https:\/\/archive.sana.sy\/es\/wp-content\/uploads\/2021\/05\/photo_2021-05-22_14-58-56-2-scaled.jpg\" class=\"attachment-full size-full\" alt=\"\" srcset=\"https:\/\/archive.sana.sy\/es\/wp-content\/uploads\/2021\/05\/photo_2021-05-22_14-58-56-2-scaled.jpg 2560w, https:\/\/archive.sana.sy\/es\/wp-content\/uploads\/2021\/05\/photo_2021-05-22_14-58-56-2-300x208.jpg 300w, https:\/\/archive.sana.sy\/es\/wp-content\/uploads\/2021\/05\/photo_2021-05-22_14-58-56-2-1024x709.jpg 1024w, https:\/\/archive.sana.sy\/es\/wp-content\/uploads\/2021\/05\/photo_2021-05-22_14-58-56-2-150x104.jpg 150w, https:\/\/archive.sana.sy\/es\/wp-content\/uploads\/2021\/05\/photo_2021-05-22_14-58-56-2-768x532.jpg 768w, https:\/\/archive.sana.sy\/es\/wp-content\/uploads\/2021\/05\/photo_2021-05-22_14-58-56-2-1536x1063.jpg 1536w, https:\/\/archive.sana.sy\/es\/wp-content\/uploads\/2021\/05\/photo_2021-05-22_14-58-56-2-2048x1418.jpg 2048w, https:\/\/archive.sana.sy\/es\/wp-content\/uploads\/2021\/05\/photo_2021-05-22_14-58-56-2-110x75.jpg 110w\" sizes=\"(max-width: 2560px) 100vw, 2560px\" \/><\/a>\n\t\t\t<\/div><\/figure><figure class='gallery-item'>\n\t\t\t<div class='gallery-icon landscape'>\n\t\t\t\t<a href='https:\/\/archive.sana.sy\/es\/wp-content\/uploads\/2021\/05\/photo_2021-05-22_14-58-57-3-scaled.jpg'><img loading=\"lazy\" decoding=\"async\" width=\"2560\" height=\"1564\" src=\"https:\/\/archive.sana.sy\/es\/wp-content\/uploads\/2021\/05\/photo_2021-05-22_14-58-57-3-scaled.jpg\" class=\"attachment-full size-full\" alt=\"\" srcset=\"https:\/\/archive.sana.sy\/es\/wp-content\/uploads\/2021\/05\/photo_2021-05-22_14-58-57-3-scaled.jpg 2560w, https:\/\/archive.sana.sy\/es\/wp-content\/uploads\/2021\/05\/photo_2021-05-22_14-58-57-3-300x183.jpg 300w, https:\/\/archive.sana.sy\/es\/wp-content\/uploads\/2021\/05\/photo_2021-05-22_14-58-57-3-1024x626.jpg 1024w, https:\/\/archive.sana.sy\/es\/wp-content\/uploads\/2021\/05\/photo_2021-05-22_14-58-57-3-150x92.jpg 150w, https:\/\/archive.sana.sy\/es\/wp-content\/uploads\/2021\/05\/photo_2021-05-22_14-58-57-3-768x469.jpg 768w, https:\/\/archive.sana.sy\/es\/wp-content\/uploads\/2021\/05\/photo_2021-05-22_14-58-57-3-1536x939.jpg 1536w, https:\/\/archive.sana.sy\/es\/wp-content\/uploads\/2021\/05\/photo_2021-05-22_14-58-57-3-2048x1251.jpg 2048w\" sizes=\"(max-width: 2560px) 100vw, 2560px\" \/><\/a>\n\t\t\t<\/div><\/figure><figure class='gallery-item'>\n\t\t\t<div class='gallery-icon landscape'>\n\t\t\t\t<a href='https:\/\/archive.sana.sy\/es\/wp-content\/uploads\/2021\/05\/photo_2021-05-22_14-58-58-scaled.jpg'><img loading=\"lazy\" decoding=\"async\" width=\"2560\" height=\"1740\" src=\"https:\/\/archive.sana.sy\/es\/wp-content\/uploads\/2021\/05\/photo_2021-05-22_14-58-58-scaled.jpg\" class=\"attachment-full size-full\" alt=\"\" srcset=\"https:\/\/archive.sana.sy\/es\/wp-content\/uploads\/2021\/05\/photo_2021-05-22_14-58-58-scaled.jpg 2560w, https:\/\/archive.sana.sy\/es\/wp-content\/uploads\/2021\/05\/photo_2021-05-22_14-58-58-300x204.jpg 300w, https:\/\/archive.sana.sy\/es\/wp-content\/uploads\/2021\/05\/photo_2021-05-22_14-58-58-1024x696.jpg 1024w, https:\/\/archive.sana.sy\/es\/wp-content\/uploads\/2021\/05\/photo_2021-05-22_14-58-58-150x102.jpg 150w, https:\/\/archive.sana.sy\/es\/wp-content\/uploads\/2021\/05\/photo_2021-05-22_14-58-58-768x522.jpg 768w, https:\/\/archive.sana.sy\/es\/wp-content\/uploads\/2021\/05\/photo_2021-05-22_14-58-58-1536x1044.jpg 1536w, https:\/\/archive.sana.sy\/es\/wp-content\/uploads\/2021\/05\/photo_2021-05-22_14-58-58-2048x1392.jpg 2048w, https:\/\/archive.sana.sy\/es\/wp-content\/uploads\/2021\/05\/photo_2021-05-22_14-58-58-110x75.jpg 110w\" sizes=\"(max-width: 2560px) 100vw, 2560px\" \/><\/a>\n\t\t\t<\/div><\/figure>\n\t\t<\/div>\n\n","protected":false},"excerpt":{"rendered":"<p>Homs, SANA En apoyo a las elecciones presidenciales previstas para el 26 de este mes y, en reafirmaci\u00f3n de la unidad nacional y la decisi\u00f3n siria soberana y en rechazo a todas las formas de injerencia externa, se celebr\u00f3 en la gran mezquita de Khalid ibn al-Walid una reuni\u00f3n de l\u00edderes religiosos en presencia del &hellip;<\/p>\n","protected":false},"author":30,"featured_media":180831,"comment_status":"closed","ping_status":"closed","sticky":false,"template":"","format":"standard","meta":{"footnotes":""},"categories":[477,597,19009,625,623,571,7541],"tags":[19105],"class_list":["post-180823","post","type-post","status-publish","format-standard","has-post-thumbnail","","category-noticias-edulcorantes","category-cinta-de-noticias","category-elecciones-presidenciales-2021","category-fotos-fotos-sana","category-fotos-sana","category-siria-en-fotos","category-ultimas-noticias","tag-lideres-religiosos-de-homs-afirman-su-apoyo-a-las-elecciones-presidenciales-y-rechazan-todas-las-formas-de-injerencia-externa"],"_links":{"self":[{"href":"https:\/\/archive.sana.sy\/es\/index.php?rest_route=\/wp\/v2\/posts\/180823"}],"collection":[{"href":"https:\/\/archive.sana.sy\/es\/index.php?rest_route=\/wp\/v2\/posts"}],"about":[{"href":"https:\/\/archive.sana.sy\/es\/index.php?rest_route=\/wp\/v2\/types\/post"}],"author":[{"embeddable":true,"href":"https:\/\/archive.sana.sy\/es\/index.php?rest_route=\/wp\/v2\/users\/30"}],"replies":[{"embeddable":true,"href":"https:\/\/archive.sana.sy\/es\/index.php?rest_route=%2Fwp%2Fv2%2Fcomments&post=180823"}],"version-history":[{"count":0,"href":"https:\/\/archive.sana.sy\/es\/index.php?rest_route=\/wp\/v2\/posts\/180823\/revisions"}],"wp:featuredmedia":[{"embeddable":true,"href":"https:\/\/archive.sana.sy\/es\/index.php?rest_route=\/wp\/v2\/media\/180831"}],"wp:attachment":[{"href":"https:\/\/archive.sana.sy\/es\/index.php?rest_route=%2Fwp%2Fv2%2Fmedia&parent=180823"}],"wp:term":[{"taxonomy":"category","embeddable":true,"href":"https:\/\/archive.sana.sy\/es\/index.php?rest_route=%2Fwp%2Fv2%2Fcategories&post=180823"},{"taxonomy":"post_tag","embeddable":true,"href":"https:\/\/archive.sana.sy\/es\/index.php?rest_route=%2Fwp%2Fv2%2Ftags&post=180823"}],"curies":[{"name":"wp","href":"https:\/\/api.w.org\/{rel}","templated":true}]}}